{"id":990798,"date":"2016-06-10T15:40:45","date_gmt":"2016-06-10T15:40:45","guid":{"rendered":"https:\/\/www.mindfulnessaccion.com\/2016\/06\/10\/mindfulness-para-empresas-y-su-implicacion-en-el-mundo-empresarial\/"},"modified":"2023-06-29T07:30:36","modified_gmt":"2023-06-29T07:30:36","slug":"mindfulness-para-empresas-y-su-implicacion-en-el-mundo-empresarial","status":"publish","type":"post","link":"https:\/\/www.mindfulnessaccion.com\/es\/2016\/06\/10\/mindfulness-para-empresas-y-su-implicacion-en-el-mundo-empresarial\/","title":{"rendered":"Mindfulness para empresas y su implicaci\u00f3n en el mundo empresarial"},"content":{"rendered":"<p>Ya desde hace unas d\u00e9cadas el mundo de la <strong>empresa<\/strong> mira hacia Silcon Valley, tomando como referente a aquellas compa\u00f1\u00edas<img fetchpriority=\"high\" decoding=\"async\" class=\"size-medium wp-image-15066 alignright\" src=\"https:\/\/mindfulnessaccion.com\/wp-content\/uploads\/2016\/06\/empresameditacion2-300x200.jpg\" alt=\"empresameditacion2\" width=\"300\" height=\"200\"> pioneras e innovadoras que est\u00e1n revolucionando nuestro d\u00eda a d\u00eda.<\/p>\n<p class=\"western\">En este articulo no nos detendremos en los incre\u00edbles logros financieros sobradamente conocidos en todo el planeta, si no en uno de los pilares de este gran \u00e9xito, La implementaci\u00f3n de programas de atenci\u00f3n plena y <strong>Mindfulness<\/strong> por parte de estas y muchas otras&nbsp;empresas.<\/p>\n<h3><span style=\"color: #608ec0;\">La implementaci\u00f3n de programas de atenci\u00f3n plena y Mindfulness por parte de estas empresas.<\/span><\/h3>\n<p class=\"western\">Directivos de grandes compa\u00f1\u00edas como <strong>Google<\/strong>, declaran abiertamente que practican la <strong>meditaci\u00f3n<\/strong> de manera habitual y han desarrollado programas como <a href=\"https:\/\/siyli.org\/\" target=\"_blank\" rel=\"noopener\"><span style=\"color: #608ec0;\">Search Inside Yourself<\/span><\/a> para fomentar la practica de <strong>Mindfulness<\/strong> entre sus empleados.<\/p>\n<p class=\"western\"><img decoding=\"async\" class=\"alignleft wp-image-15071\" src=\"https:\/\/mindfulnessaccion.com\/wp-content\/uploads\/2016\/06\/nba.jpg\" alt=\"nba\" width=\"400\" height=\"601\">Equipos de la NBA (enormes empresas) como los Angeles Lakers introdujeron de la mano de su entrenador <a href=\"http:\/\/www.oprah.com\/own-super-soul-sunday\/How-NBA-Coach-Phil-Jackson-Taught-His-Teams-Mindfulness-Video\" target=\"_blank\" rel=\"noopener\"><span style=\"color: #608ec0;\">Phil Jackson<\/span><\/a> programas de <strong>meditaci\u00f3n<\/strong> como en diversas ocasiones ha manifestado el jugador <a href=\"http:\/\/www.elmundo.es\/vida-sana\/mente\/2015\/12\/25\/567aa791e2704e304c8b45d5.html\" target=\"_blank\" rel=\"noopener\"><span style=\"color: #608ec0;\">Pau Gasol <\/span><\/a>o su ex compa\u00f1ero <span style=\"color: #608ec0;\"><a href=\"https:\/\/www.youtube.com\/watch?v=ucNODrsGdx0\" target=\"_blank\" rel=\"noopener\">Kobe Bryant<\/a><\/span>.<\/p>\n<p class=\"western\">Incluso el centro de investigaci\u00f3n de la <a href=\"http:\/\/www.nasa.gov\/langley\" target=\"_blank\" rel=\"noopener\"><span style=\"color: #608ec0;\">NASA en Langley<\/span><\/a> ha trabajado con programas de atenci\u00f3n plena para lidiar con entornos de extrema exigencia.<\/p>\n<p class=\"western\">Dichos programas no solo mejoran el bienestar subjetivo de los individuos, sino que seg\u00fan numerosos estudios incrementan objetivamente la percepci\u00f3n de equilibrio, protecci\u00f3n y pertenencia en el grupo.<\/p>\n<p class=\"western\">El entrenamiento mental con <strong>Mindfulness<\/strong> <strong>mejora la creatividad, la productividad y el liderazgo<\/strong>, y es por eso que desde <a href=\"https:\/\/mindfulnessaccion.com\/curso-mindfulness-para-empresas\/?lang=es\" target=\"_blank\" rel=\"noopener\"><b><span style=\"color: #608ec0;\">Mindfulnessacci\u00f3n&nbsp;Empresas<\/span><\/b><\/a><b> <\/b>consideramos que aportamos elementos claves para cualquier empresa que decida afrontar sin escapismos, los nuevos retos que en nuestra sociedad se presentan.<\/p>\n<p class=\"western\">El estr\u00e9s, la ansiedad, los conflictos interpersonales, la insatisfacci\u00f3n profesional, el dolor f\u00edsico\u2026 son solo parte de un gran abanico de condicionantes que afectan de manera incisiva a much\u00edsimas empresas que aun adoptan modelos obsoletos de resoluci\u00f3n de conflictos y de mejoras laborales.<\/p>\n<p class=\"western\">Una vez escuche\u2026subirle el sueldo a mi empleado? Rid\u00edculo! Tengo que conseguir que se sienta valorado, lleno y feliz realizando su trabajo, con su familia y sus amigos! y eso, francamente, creo que no lo produce un aumento de sueldo.<\/p>\n<p class=\"western\">Este es un peque\u00f1o ejemplo de como miles de empresarios en todo el mundo han advertido el gran poder de la plenitud personal como fuente de logros de calidad en lo personal y en lo laboral.<\/p>\n<p class=\"western\">La neurociencia ha constatado la efectividad de la practica de <strong>Mindfulness<\/strong> en las personas, y algo tan evidente como que los equipos humanos de la empresas est\u00e1n formados por personas, es algo que en ocasiones se pasa por alto por ser tremendamente obvio.<\/p>\n<div style=\"float: left; width: 48%;\">\n<h3 class=\"western\"><strong><span style=\"color: #608ec0; font-weight: normal;\">Ventajas competitivas del mindfulness para las empresas<\/span><\/strong><\/h3>\n<ul>\n<li>Aumenta y consolida la capacidad de concentraci\u00f3n de los trabajadores.<\/li>\n<li>Disminuyen los \u00edndices de estr\u00e9s y ansiedad y las bajas laborales relacionadas con dichos desordenes. (recordemos que una de cada cuatro bajas laborales est\u00e1n causadas por el estr\u00e9s en cualquiera de sus manifestaciones)<\/li>\n<li>Mejora de la&nbsp;resiliencia&nbsp;o capacidad para enfrentarse eficazmente a las demandas excesivas del entorno.<\/li>\n<li>Disminuye la tendencia a la depresi\u00f3n, otra causa considerable de baja laboral.<\/li>\n<\/ul>\n<\/div>\n<div style=\"float: left; width: 48%;\">\n<div id=\"attachment_15064\" style=\"width: 460px\" class=\"wp-caption aligncenter\"><img decoding=\"async\" aria-describedby=\"caption-attachment-15064\" class=\"wp-image-15064\" src=\"https:\/\/mindfulnessaccion.com\/wp-content\/uploads\/2016\/06\/xerrada-empreses-300x169.jpg\" alt=\"Un momento en que Aleix de Gispert, miembro del equipo de mindfulnessacci\u00f3n, explica opciones de aplicar el Mindfulness en el mundo laboral. (Mindfulness para Empresas)\" width=\"450\" height=\"253\"><p id=\"caption-attachment-15064\" class=\"wp-caption-text\">Un momento en que Aleix de Gispert, miembro del equipo de mindfulnessacci\u00f3n, explica opciones de aplicar el Mindfulness en el mundo laboral. (Mindfulness para Empresas)<\/p><\/div>\n<\/div>\n<p>&nbsp;<\/p>\n","protected":false},"excerpt":{"rendered":"<p>Ya desde hace unas d\u00e9cadas el mundo de la empresa mira hacia Silcon Valley, tomando como referente a aquellas compa\u00f1\u00edas pioneras e innovadoras que est\u00e1n revolucionando nuestro d\u00eda a d\u00eda. En este articulo no nos detendremos en los incre\u00edbles logros financieros sobradamente conocidos en todo el planeta, si no en uno de los pilares de [&hellip;]<\/p>\n","protected":false},"author":1,"featured_media":992005,"comment_status":"open","ping_status":"open","sticky":false,"template":"","format":"standard","meta":{"rs_blank_template":"","rs_page_bg_color":"","slide_template_v7":"","_joinchat":[],"footnotes":""},"categories":[202],"tags":[],"class_list":["post-990798","post","type-post","status-publish","format-standard","has-post-thumbnail","hentry","category-sin-categoria"],"yoast_head":"<!-- This site is optimized with the Yoast SEO plugin v27.2 - https:\/\/yoast.com\/product\/yoast-seo-wordpress\/ -->\n<title>Mindfulness para empresas y su implicaci\u00f3n en el mundo empresarial - Mindfulnessaccio<\/title>\n<meta name=\"robots\" content=\"index, follow, max-snippet:-1, max-image-preview:large, max-video-preview:-1\" \/>\n<link rel=\"canonical\" href=\"https:\/\/www.mindfulnessaccion.com\/es\/2016\/06\/10\/mindfulness-para-empresas-y-su-implicacion-en-el-mundo-empresarial\/\" \/>\n<meta property=\"og:locale\" content=\"es_ES\" \/>\n<meta property=\"og:type\" content=\"article\" \/>\n<meta property=\"og:title\" content=\"Mindfulness para empresas y su implicaci\u00f3n en el mundo empresarial - Mindfulnessaccio\" \/>\n<meta property=\"og:description\" content=\"Ya desde hace unas d\u00e9cadas el mundo de la empresa mira hacia Silcon Valley, tomando como referente a aquellas compa\u00f1\u00edas pioneras e innovadoras que est\u00e1n revolucionando nuestro d\u00eda a d\u00eda. En este articulo no nos detendremos en los incre\u00edbles logros financieros sobradamente conocidos en todo el planeta, si no en uno de los pilares de [&hellip;]\" \/>\n<meta property=\"og:url\" content=\"https:\/\/www.mindfulnessaccion.com\/es\/2016\/06\/10\/mindfulness-para-empresas-y-su-implicacion-en-el-mundo-empresarial\/\" \/>\n<meta property=\"og:site_name\" content=\"Mindfulnessaccio\" \/>\n<meta property=\"article:published_time\" content=\"2016-06-10T15:40:45+00:00\" \/>\n<meta property=\"article:modified_time\" content=\"2023-06-29T07:30:36+00:00\" \/>\n<meta property=\"og:image\" content=\"https:\/\/www.mindfulnessaccion.com\/wp-content\/uploads\/2016\/06\/16.jpg\" \/>\n\t<meta property=\"og:image:width\" content=\"1031\" \/>\n\t<meta property=\"og:image:height\" content=\"580\" \/>\n\t<meta property=\"og:image:type\" content=\"image\/jpeg\" \/>\n<meta name=\"author\" content=\"lopezad90\" \/>\n<meta name=\"twitter:card\" content=\"summary_large_image\" \/>\n<meta name=\"twitter:label1\" content=\"Escrito por\" \/>\n\t<meta name=\"twitter:data1\" content=\"lopezad90\" \/>\n\t<meta name=\"twitter:label2\" content=\"Tiempo de lectura\" \/>\n\t<meta name=\"twitter:data2\" content=\"4 minutos\" \/>\n<script type=\"application\/ld+json\" class=\"yoast-schema-graph\">{\"@context\":\"https:\/\/schema.org\",\"@graph\":[{\"@type\":\"Article\",\"@id\":\"https:\/\/www.mindfulnessaccion.com\/es\/2016\/06\/10\/mindfulness-para-empresas-y-su-implicacion-en-el-mundo-empresarial\/#article\",\"isPartOf\":{\"@id\":\"https:\/\/www.mindfulnessaccion.com\/es\/2016\/06\/10\/mindfulness-para-empresas-y-su-implicacion-en-el-mundo-empresarial\/\"},\"author\":{\"name\":\"lopezad90\",\"@id\":\"https:\/\/www.mindfulnessaccion.com\/es\/#\/schema\/person\/224284a23a3f5ee3c2f663030878abae\"},\"headline\":\"Mindfulness para empresas y su implicaci\u00f3n en el mundo empresarial\",\"datePublished\":\"2016-06-10T15:40:45+00:00\",\"dateModified\":\"2023-06-29T07:30:36+00:00\",\"mainEntityOfPage\":{\"@id\":\"https:\/\/www.mindfulnessaccion.com\/es\/2016\/06\/10\/mindfulness-para-empresas-y-su-implicacion-en-el-mundo-empresarial\/\"},\"wordCount\":576,\"commentCount\":0,\"publisher\":{\"@id\":\"https:\/\/www.mindfulnessaccion.com\/es\/#organization\"},\"image\":{\"@id\":\"https:\/\/www.mindfulnessaccion.com\/es\/2016\/06\/10\/mindfulness-para-empresas-y-su-implicacion-en-el-mundo-empresarial\/#primaryimage\"},\"thumbnailUrl\":\"https:\/\/www.mindfulnessaccion.com\/wp-content\/uploads\/2016\/06\/16.jpg\",\"inLanguage\":\"es\"},{\"@type\":\"WebPage\",\"@id\":\"https:\/\/www.mindfulnessaccion.com\/es\/2016\/06\/10\/mindfulness-para-empresas-y-su-implicacion-en-el-mundo-empresarial\/\",\"url\":\"https:\/\/www.mindfulnessaccion.com\/es\/2016\/06\/10\/mindfulness-para-empresas-y-su-implicacion-en-el-mundo-empresarial\/\",\"name\":\"Mindfulness para empresas y su implicaci\u00f3n en el mundo empresarial - Mindfulnessaccio\",\"isPartOf\":{\"@id\":\"https:\/\/www.mindfulnessaccion.com\/es\/#website\"},\"primaryImageOfPage\":{\"@id\":\"https:\/\/www.mindfulnessaccion.com\/es\/2016\/06\/10\/mindfulness-para-empresas-y-su-implicacion-en-el-mundo-empresarial\/#primaryimage\"},\"image\":{\"@id\":\"https:\/\/www.mindfulnessaccion.com\/es\/2016\/06\/10\/mindfulness-para-empresas-y-su-implicacion-en-el-mundo-empresarial\/#primaryimage\"},\"thumbnailUrl\":\"https:\/\/www.mindfulnessaccion.com\/wp-content\/uploads\/2016\/06\/16.jpg\",\"datePublished\":\"2016-06-10T15:40:45+00:00\",\"dateModified\":\"2023-06-29T07:30:36+00:00\",\"breadcrumb\":{\"@id\":\"https:\/\/www.mindfulnessaccion.com\/es\/2016\/06\/10\/mindfulness-para-empresas-y-su-implicacion-en-el-mundo-empresarial\/#breadcrumb\"},\"inLanguage\":\"es\",\"potentialAction\":[{\"@type\":\"ReadAction\",\"target\":[\"https:\/\/www.mindfulnessaccion.com\/es\/2016\/06\/10\/mindfulness-para-empresas-y-su-implicacion-en-el-mundo-empresarial\/\"]}]},{\"@type\":\"ImageObject\",\"inLanguage\":\"es\",\"@id\":\"https:\/\/www.mindfulnessaccion.com\/es\/2016\/06\/10\/mindfulness-para-empresas-y-su-implicacion-en-el-mundo-empresarial\/#primaryimage\",\"url\":\"https:\/\/www.mindfulnessaccion.com\/wp-content\/uploads\/2016\/06\/16.jpg\",\"contentUrl\":\"https:\/\/www.mindfulnessaccion.com\/wp-content\/uploads\/2016\/06\/16.jpg\",\"width\":1031,\"height\":580},{\"@type\":\"BreadcrumbList\",\"@id\":\"https:\/\/www.mindfulnessaccion.com\/es\/2016\/06\/10\/mindfulness-para-empresas-y-su-implicacion-en-el-mundo-empresarial\/#breadcrumb\",\"itemListElement\":[{\"@type\":\"ListItem\",\"position\":1,\"name\":\"Portada\",\"item\":\"https:\/\/www.mindfulnessaccion.com\/es\/\"},{\"@type\":\"ListItem\",\"position\":2,\"name\":\"Mindfulness para empresas y su implicaci\u00f3n en el mundo empresarial\"}]},{\"@type\":\"WebSite\",\"@id\":\"https:\/\/www.mindfulnessaccion.com\/es\/#website\",\"url\":\"https:\/\/www.mindfulnessaccion.com\/es\/\",\"name\":\"Mindfulnessaccio\",\"description\":\"\",\"publisher\":{\"@id\":\"https:\/\/www.mindfulnessaccion.com\/es\/#organization\"},\"potentialAction\":[{\"@type\":\"SearchAction\",\"target\":{\"@type\":\"EntryPoint\",\"urlTemplate\":\"https:\/\/www.mindfulnessaccion.com\/es\/?s={search_term_string}\"},\"query-input\":{\"@type\":\"PropertyValueSpecification\",\"valueRequired\":true,\"valueName\":\"search_term_string\"}}],\"inLanguage\":\"es\"},{\"@type\":\"Organization\",\"@id\":\"https:\/\/www.mindfulnessaccion.com\/es\/#organization\",\"name\":\"Mindfulnessaccio\",\"url\":\"https:\/\/www.mindfulnessaccion.com\/es\/\",\"logo\":{\"@type\":\"ImageObject\",\"inLanguage\":\"es\",\"@id\":\"https:\/\/www.mindfulnessaccion.com\/es\/#\/schema\/logo\/image\/\",\"url\":\"https:\/\/www.mindfulnessaccion.com\/wp-content\/uploads\/2021\/07\/logo.svg\",\"contentUrl\":\"https:\/\/www.mindfulnessaccion.com\/wp-content\/uploads\/2021\/07\/logo.svg\",\"width\":96,\"height\":28,\"caption\":\"Mindfulnessaccio\"},\"image\":{\"@id\":\"https:\/\/www.mindfulnessaccion.com\/es\/#\/schema\/logo\/image\/\"}},{\"@type\":\"Person\",\"@id\":\"https:\/\/www.mindfulnessaccion.com\/es\/#\/schema\/person\/224284a23a3f5ee3c2f663030878abae\",\"name\":\"lopezad90\",\"sameAs\":[\"https:\/\/www.mindfulnessaccion.com\"],\"url\":\"https:\/\/www.mindfulnessaccion.com\/es\/author\/lopezad90\/\"}]}<\/script>\n<!-- \/ Yoast SEO plugin. -->","yoast_head_json":{"title":"Mindfulness para empresas y su implicaci\u00f3n en el mundo empresarial - Mindfulnessaccio","robots":{"index":"index","follow":"follow","max-snippet":"max-snippet:-1","max-image-preview":"max-image-preview:large","max-video-preview":"max-video-preview:-1"},"canonical":"https:\/\/www.mindfulnessaccion.com\/es\/2016\/06\/10\/mindfulness-para-empresas-y-su-implicacion-en-el-mundo-empresarial\/","og_locale":"es_ES","og_type":"article","og_title":"Mindfulness para empresas y su implicaci\u00f3n en el mundo empresarial - Mindfulnessaccio","og_description":"Ya desde hace unas d\u00e9cadas el mundo de la empresa mira hacia Silcon Valley, tomando como referente a aquellas compa\u00f1\u00edas pioneras e innovadoras que est\u00e1n revolucionando nuestro d\u00eda a d\u00eda. En este articulo no nos detendremos en los incre\u00edbles logros financieros sobradamente conocidos en todo el planeta, si no en uno de los pilares de [&hellip;]","og_url":"https:\/\/www.mindfulnessaccion.com\/es\/2016\/06\/10\/mindfulness-para-empresas-y-su-implicacion-en-el-mundo-empresarial\/","og_site_name":"Mindfulnessaccio","article_published_time":"2016-06-10T15:40:45+00:00","article_modified_time":"2023-06-29T07:30:36+00:00","og_image":[{"width":1031,"height":580,"url":"https:\/\/www.mindfulnessaccion.com\/wp-content\/uploads\/2016\/06\/16.jpg","type":"image\/jpeg"}],"author":"lopezad90","twitter_card":"summary_large_image","twitter_misc":{"Escrito por":"lopezad90","Tiempo de lectura":"4 minutos"},"schema":{"@context":"https:\/\/schema.org","@graph":[{"@type":"Article","@id":"https:\/\/www.mindfulnessaccion.com\/es\/2016\/06\/10\/mindfulness-para-empresas-y-su-implicacion-en-el-mundo-empresarial\/#article","isPartOf":{"@id":"https:\/\/www.mindfulnessaccion.com\/es\/2016\/06\/10\/mindfulness-para-empresas-y-su-implicacion-en-el-mundo-empresarial\/"},"author":{"name":"lopezad90","@id":"https:\/\/www.mindfulnessaccion.com\/es\/#\/schema\/person\/224284a23a3f5ee3c2f663030878abae"},"headline":"Mindfulness para empresas y su implicaci\u00f3n en el mundo empresarial","datePublished":"2016-06-10T15:40:45+00:00","dateModified":"2023-06-29T07:30:36+00:00","mainEntityOfPage":{"@id":"https:\/\/www.mindfulnessaccion.com\/es\/2016\/06\/10\/mindfulness-para-empresas-y-su-implicacion-en-el-mundo-empresarial\/"},"wordCount":576,"commentCount":0,"publisher":{"@id":"https:\/\/www.mindfulnessaccion.com\/es\/#organization"},"image":{"@id":"https:\/\/www.mindfulnessaccion.com\/es\/2016\/06\/10\/mindfulness-para-empresas-y-su-implicacion-en-el-mundo-empresarial\/#primaryimage"},"thumbnailUrl":"https:\/\/www.mindfulnessaccion.com\/wp-content\/uploads\/2016\/06\/16.jpg","inLanguage":"es"},{"@type":"WebPage","@id":"https:\/\/www.mindfulnessaccion.com\/es\/2016\/06\/10\/mindfulness-para-empresas-y-su-implicacion-en-el-mundo-empresarial\/","url":"https:\/\/www.mindfulnessaccion.com\/es\/2016\/06\/10\/mindfulness-para-empresas-y-su-implicacion-en-el-mundo-empresarial\/","name":"Mindfulness para empresas y su implicaci\u00f3n en el mundo empresarial - Mindfulnessaccio","isPartOf":{"@id":"https:\/\/www.mindfulnessaccion.com\/es\/#website"},"primaryImageOfPage":{"@id":"https:\/\/www.mindfulnessaccion.com\/es\/2016\/06\/10\/mindfulness-para-empresas-y-su-implicacion-en-el-mundo-empresarial\/#primaryimage"},"image":{"@id":"https:\/\/www.mindfulnessaccion.com\/es\/2016\/06\/10\/mindfulness-para-empresas-y-su-implicacion-en-el-mundo-empresarial\/#primaryimage"},"thumbnailUrl":"https:\/\/www.mindfulnessaccion.com\/wp-content\/uploads\/2016\/06\/16.jpg","datePublished":"2016-06-10T15:40:45+00:00","dateModified":"2023-06-29T07:30:36+00:00","breadcrumb":{"@id":"https:\/\/www.mindfulnessaccion.com\/es\/2016\/06\/10\/mindfulness-para-empresas-y-su-implicacion-en-el-mundo-empresarial\/#breadcrumb"},"inLanguage":"es","potentialAction":[{"@type":"ReadAction","target":["https:\/\/www.mindfulnessaccion.com\/es\/2016\/06\/10\/mindfulness-para-empresas-y-su-implicacion-en-el-mundo-empresarial\/"]}]},{"@type":"ImageObject","inLanguage":"es","@id":"https:\/\/www.mindfulnessaccion.com\/es\/2016\/06\/10\/mindfulness-para-empresas-y-su-implicacion-en-el-mundo-empresarial\/#primaryimage","url":"https:\/\/www.mindfulnessaccion.com\/wp-content\/uploads\/2016\/06\/16.jpg","contentUrl":"https:\/\/www.mindfulnessaccion.com\/wp-content\/uploads\/2016\/06\/16.jpg","width":1031,"height":580},{"@type":"BreadcrumbList","@id":"https:\/\/www.mindfulnessaccion.com\/es\/2016\/06\/10\/mindfulness-para-empresas-y-su-implicacion-en-el-mundo-empresarial\/#breadcrumb","itemListElement":[{"@type":"ListItem","position":1,"name":"Portada","item":"https:\/\/www.mindfulnessaccion.com\/es\/"},{"@type":"ListItem","position":2,"name":"Mindfulness para empresas y su implicaci\u00f3n en el mundo empresarial"}]},{"@type":"WebSite","@id":"https:\/\/www.mindfulnessaccion.com\/es\/#website","url":"https:\/\/www.mindfulnessaccion.com\/es\/","name":"Mindfulnessaccio","description":"","publisher":{"@id":"https:\/\/www.mindfulnessaccion.com\/es\/#organization"},"potentialAction":[{"@type":"SearchAction","target":{"@type":"EntryPoint","urlTemplate":"https:\/\/www.mindfulnessaccion.com\/es\/?s={search_term_string}"},"query-input":{"@type":"PropertyValueSpecification","valueRequired":true,"valueName":"search_term_string"}}],"inLanguage":"es"},{"@type":"Organization","@id":"https:\/\/www.mindfulnessaccion.com\/es\/#organization","name":"Mindfulnessaccio","url":"https:\/\/www.mindfulnessaccion.com\/es\/","logo":{"@type":"ImageObject","inLanguage":"es","@id":"https:\/\/www.mindfulnessaccion.com\/es\/#\/schema\/logo\/image\/","url":"https:\/\/www.mindfulnessaccion.com\/wp-content\/uploads\/2021\/07\/logo.svg","contentUrl":"https:\/\/www.mindfulnessaccion.com\/wp-content\/uploads\/2021\/07\/logo.svg","width":96,"height":28,"caption":"Mindfulnessaccio"},"image":{"@id":"https:\/\/www.mindfulnessaccion.com\/es\/#\/schema\/logo\/image\/"}},{"@type":"Person","@id":"https:\/\/www.mindfulnessaccion.com\/es\/#\/schema\/person\/224284a23a3f5ee3c2f663030878abae","name":"lopezad90","sameAs":["https:\/\/www.mindfulnessaccion.com"],"url":"https:\/\/www.mindfulnessaccion.com\/es\/author\/lopezad90\/"}]}},"_links":{"self":[{"href":"https:\/\/www.mindfulnessaccion.com\/es\/wp-json\/wp\/v2\/posts\/990798","targetHints":{"allow":["GET"]}}],"collection":[{"href":"https:\/\/www.mindfulnessaccion.com\/es\/wp-json\/wp\/v2\/posts"}],"about":[{"href":"https:\/\/www.mindfulnessaccion.com\/es\/wp-json\/wp\/v2\/types\/post"}],"author":[{"embeddable":true,"href":"https:\/\/www.mindfulnessaccion.com\/es\/wp-json\/wp\/v2\/users\/1"}],"replies":[{"embeddable":true,"href":"https:\/\/www.mindfulnessaccion.com\/es\/wp-json\/wp\/v2\/comments?post=990798"}],"version-history":[{"count":1,"href":"https:\/\/www.mindfulnessaccion.com\/es\/wp-json\/wp\/v2\/posts\/990798\/revisions"}],"predecessor-version":[{"id":992007,"href":"https:\/\/www.mindfulnessaccion.com\/es\/wp-json\/wp\/v2\/posts\/990798\/revisions\/992007"}],"wp:featuredmedia":[{"embeddable":true,"href":"https:\/\/www.mindfulnessaccion.com\/es\/wp-json\/wp\/v2\/media\/992005"}],"wp:attachment":[{"href":"https:\/\/www.mindfulnessaccion.com\/es\/wp-json\/wp\/v2\/media?parent=990798"}],"wp:term":[{"taxonomy":"category","embeddable":true,"href":"https:\/\/www.mindfulnessaccion.com\/es\/wp-json\/wp\/v2\/categories?post=990798"},{"taxonomy":"post_tag","embeddable":true,"href":"https:\/\/www.mindfulnessaccion.com\/es\/wp-json\/wp\/v2\/tags?post=990798"}],"curies":[{"name":"wp","href":"https:\/\/api.w.org\/{rel}","templated":true}]}}