{"id":990799,"date":"2016-06-10T15:51:26","date_gmt":"2016-06-10T15:51:26","guid":{"rendered":"https:\/\/www.mindfulnessaccion.com\/2016\/06\/10\/mindfulness-hacia-un-consumo-responsable\/"},"modified":"2023-06-29T07:30:38","modified_gmt":"2023-06-29T07:30:38","slug":"mindfulness-hacia-un-consumo-responsable","status":"publish","type":"post","link":"https:\/\/www.mindfulnessaccion.com\/es\/2016\/06\/10\/mindfulness-hacia-un-consumo-responsable\/","title":{"rendered":"Mindfulness, hacia un consumo responsable"},"content":{"rendered":"<h3 style=\"text-align: left; font-size: 22px;\">Como nuestra manera de consumir&nbsp; puede beneficiar a la sociedad<\/h3>\n<p style=\"text-align: justify;\">El actual modelo econ\u00f3mico responde a una inmersi\u00f3n completa en el consumismo.<\/p>\n<p style=\"text-align: justify;\"><img fetchpriority=\"high\" decoding=\"async\" class=\"alignleft wp-image-15090 size-medium\" src=\"https:\/\/mindfulnessaccion.com\/wp-content\/uploads\/2016\/06\/consumismo-960x623-300x200.jpg\" alt=\"consumismo-960x623\" width=\"300\" height=\"200\">Las personas estamos constantemente expuestas a caer en un bucle de <strong>satisfacci\u00f3n-insatisfacci\u00f3n<\/strong> que nos empuja a adquirir nuevos art\u00edculos y servicios y a mantener nuestra mente en estados aleatorios de consumo o producci\u00f3n.<\/p>\n<p style=\"text-align: justify;\">Este tipo de comportamiento aumenta el sufrimiento y el malestar individual y colectivo, en beneficio de un crecimiento econ\u00f3mico irracional e insostenible.<\/p>\n<p style=\"text-align: justify;\">El desarrollo de la pr\u00e1ctica de <strong>Mindfulness<\/strong> permite a las personas que tomen parte de manera consciente de sus proyectos vitales y que puedan aplicar los beneficios de la <strong>atenci\u00f3n plena<\/strong> al servicio de su bienestar f\u00edsico, emocional y psicol\u00f3gico.<\/p>\n<p style=\"text-align: justify;\">Es posible desarrollar un modelo de <strong>consumo consciente<\/strong> y activo a partir de las evidencias transformadoras que se intuyen de la<strong> pr\u00e1ctica contemplativa<\/strong>.<\/p>\n<p style=\"text-align: justify;\"><img decoding=\"async\" class=\"alignleft size-medium wp-image-15091\" src=\"https:\/\/mindfulnessaccion.com\/wp-content\/uploads\/2016\/06\/consumo-consc-pensa-300x150.jpg\" alt=\"consumo-consc-pensa\" width=\"300\" height=\"150\">Existe un desequilibrio evidente entre los objetivos de las grandes empresas y los objetivos vitales de las personas. Estas \u00faltimas no buscan maximizar sus beneficios, si no su felicidad. El problema surge cuando continuamos confiando en que la prosperidad econ\u00f3mica acabar\u00e1 impactando inexorablemente de manera positiva sobre la felicidad.<\/p>\n<p style=\"text-align: justify;\">Las estrategias de posicionamiento y marketing de algunas empresas, se han basado en la capacidad de sus productos para mitigar artificialmente el sufrimiento, por lo que se podr\u00eda afirmar que el sufrimiento ha sido hasta la fecha, el gran motor de la econom\u00eda mundial.<\/p>\n<p style=\"text-align: justify;\">Por suerte en los \u00faltimos a\u00f1os,&nbsp;cada vez mas empresas reorientan sus pol\u00edticas de producci\u00f3n y ventas, as\u00ed como sus departamentos de recursos humanos, <a href=\"https:\/\/mindfulnessaccion.com\/curso-mindfulness-para-empresas\/?lang=es\" target=\"_blank\" rel=\"noopener\"><strong><span style=\"color: #3366ff;\">implementando programas de Mindfulness<\/span><\/strong><\/a>, con el objetivo de producir de una manera mas responsable y re invertir en la sociedad y sus trabajadores, &nbsp;parte de los beneficios que obtienen gracias a los ciudadanos.<\/p>\n<h3>Por todo ello nos tendr\u00edamos que realizar la siguiente pregunta:<\/h3>\n<p style=\"text-align: left;\"><strong>\u00bfEs \u00fatil para el desarrollo econ\u00f3mico la promoci\u00f3n del sufrimiento?<\/strong><\/p>\n<p style=\"text-align: justify;\">Es indiscutible que las condiciones en que se asientan el bienestar general b\u00e1sico pueden aliviar el sufrimiento provocado por el frio, el hambre o el desamparo. Es algo rotundo e innegable.<\/p>\n<p style=\"text-align: justify;\">Pero el consumo, esta marcado por ciclos interminables de <strong>satisfacci\u00f3n-insatisfacci\u00f3n<\/strong>, que generan tremendas carencias, que se resuelven de manera transitoria comprando nuevos bienes y\/o servicios. Esto&nbsp;nos empuja a que se profundice nuestra dependencia, que tiene asociada un ingente gasto de actividad mental y que nos lleva a la ansiedad por un hipot\u00e9tico momento futuro de satisfacci\u00f3n que requiere no estar en el presente.<\/p>\n<p style=\"text-align: justify;\"><strong><i>Parad\u00f3jicamente, el presente es el \u00fanico momento que tenemos.<\/i><\/strong><\/p>\n<p style=\"text-align: justify;\">La atenci\u00f3n juega un factor de crucial importancia en el momento de consumir, y aunque en el actual escenario,&nbsp; el individuo aparentemente no tiene mucho que decir, lo cierto es que las personas tienen un enorme poder a la hora de decidir sobre sus h\u00e1bitos de consumo.<\/p>\n<h3>Como?<\/h3>\n<p><strong><img decoding=\"async\" class=\"alignleft wp-image-15093\" src=\"https:\/\/mindfulnessaccion.com\/wp-content\/uploads\/2016\/06\/shopping-300x175.jpg\" alt=\"shopping\" width=\"425\" height=\"248\">Minfulness<\/strong> se ha estado utilizando como modelo para el entrenamiento de la consciencia.<\/p>\n<p>Ha probado su eficacia a nivel neurobiol\u00f3gico, inmunitario y se a comprobado su capacidad para cambiar positivamente la morfolog\u00eda del cerebro en relaci\u00f3n a patrones afectivos.<\/p>\n<p>A nivel psicol\u00f3gico por otra parte, demuestra mejorar:<\/p>\n<ul>\n<li><strong><em>La capacidad de responder y no reaccionar.<\/em><\/strong><\/li>\n<li><strong><em>La capacidad de auto observaci\u00f3n.<\/em><\/strong><\/li>\n<li><strong><em>La auto regulaci\u00f3n emocional.<\/em><\/strong><\/li>\n<li><strong><em>Disminuye la tendencia a la rumiaci\u00f3n.<\/em><\/strong><\/li>\n<\/ul>\n<p>Teniendo en cuenta los beneficios que presenta la pr\u00e1ctica de la <strong>atenci\u00f3n plena<\/strong> en los citados contextos no estar\u00eda de mas preguntarse que efecto puede tener esta pr\u00e1ctica sobre un consumo mas consciente.<\/p>\n<p>La capacidad de auto observar las propias emociones, sensaciones y pensamientos se transforma en otro atributo de un consumidor m\u00e1s consciente, la decisi\u00f3n de compra ya no se toma siguiendo el mero impulso a consumir, sino que se ampl\u00eda el espacio entre la percepci\u00f3n de los est\u00edmulos y la respuesta definitiva, permitiendo as\u00ed que haya una mayor gama de respuestas posibles, respuestas m\u00e1s aut\u00f3nomas y menos estereotipadas o condicionadas.<\/p>\n<p>En definitiva, est\u00e1 en nuestra mano equilibrar nuestro consumo, aport\u00e1ndole calidad a nuestra experiencia de comprar o producir, ayudando a establecer criterios de coherencia, ecolog\u00eda y sostenibilidad y dotando a nuestra sociedad de mecanismos econ\u00f3micos mas saludables.<\/p>\n<p><img loading=\"lazy\" decoding=\"async\" class=\"aligncenter wp-image-15096 size-full\" src=\"https:\/\/mindfulnessaccion.com\/wp-content\/uploads\/2016\/06\/consumo-consciente.jpg\" alt=\"consumo consciente\" width=\"1020\" height=\"680\"><\/p>\n<p>&nbsp;<\/p>\n","protected":false},"excerpt":{"rendered":"<p>Como nuestra manera de consumir&nbsp; puede beneficiar a la sociedad El actual modelo econ\u00f3mico responde a una inmersi\u00f3n completa en el consumismo. Las personas estamos constantemente expuestas a caer en un bucle de satisfacci\u00f3n-insatisfacci\u00f3n que nos empuja a adquirir nuevos art\u00edculos y servicios y a mantener nuestra mente en estados aleatorios de consumo o producci\u00f3n. [&hellip;]<\/p>\n","protected":false},"author":1,"featured_media":992003,"comment_status":"open","ping_status":"open","sticky":false,"template":"","format":"standard","meta":{"rs_blank_template":"","rs_page_bg_color":"","slide_template_v7":"","_joinchat":[],"footnotes":""},"categories":[202],"tags":[],"class_list":["post-990799","post","type-post","status-publish","format-standard","has-post-thumbnail","hentry","category-sin-categoria"],"yoast_head":"<!-- This site is optimized with the Yoast SEO plugin v27.2 - https:\/\/yoast.com\/product\/yoast-seo-wordpress\/ -->\n<title>Mindfulness, hacia un consumo responsable - Mindfulnessaccio<\/title>\n<meta name=\"robots\" content=\"index, follow, max-snippet:-1, max-image-preview:large, max-video-preview:-1\" \/>\n<link rel=\"canonical\" href=\"https:\/\/www.mindfulnessaccion.com\/es\/2016\/06\/10\/mindfulness-hacia-un-consumo-responsable\/\" \/>\n<meta property=\"og:locale\" content=\"es_ES\" \/>\n<meta property=\"og:type\" content=\"article\" \/>\n<meta property=\"og:title\" content=\"Mindfulness, hacia un consumo responsable - Mindfulnessaccio\" \/>\n<meta property=\"og:description\" content=\"Como nuestra manera de consumir&nbsp; puede beneficiar a la sociedad El actual modelo econ\u00f3mico responde a una inmersi\u00f3n completa en el consumismo. Las personas estamos constantemente expuestas a caer en un bucle de satisfacci\u00f3n-insatisfacci\u00f3n que nos empuja a adquirir nuevos art\u00edculos y servicios y a mantener nuestra mente en estados aleatorios de consumo o producci\u00f3n. [&hellip;]\" \/>\n<meta property=\"og:url\" content=\"https:\/\/www.mindfulnessaccion.com\/es\/2016\/06\/10\/mindfulness-hacia-un-consumo-responsable\/\" \/>\n<meta property=\"og:site_name\" content=\"Mindfulnessaccio\" \/>\n<meta property=\"article:published_time\" content=\"2016-06-10T15:51:26+00:00\" \/>\n<meta property=\"article:modified_time\" content=\"2023-06-29T07:30:38+00:00\" \/>\n<meta property=\"og:image\" content=\"https:\/\/www.mindfulnessaccion.com\/wp-content\/uploads\/2016\/06\/15.jpg\" \/>\n\t<meta property=\"og:image:width\" content=\"934\" \/>\n\t<meta property=\"og:image:height\" content=\"623\" \/>\n\t<meta property=\"og:image:type\" content=\"image\/jpeg\" \/>\n<meta name=\"author\" content=\"lopezad90\" \/>\n<meta name=\"twitter:card\" content=\"summary_large_image\" \/>\n<meta name=\"twitter:label1\" content=\"Escrito por\" \/>\n\t<meta name=\"twitter:data1\" content=\"lopezad90\" \/>\n\t<meta name=\"twitter:label2\" content=\"Tiempo de lectura\" \/>\n\t<meta name=\"twitter:data2\" content=\"5 minutos\" \/>\n<script type=\"application\/ld+json\" class=\"yoast-schema-graph\">{\"@context\":\"https:\/\/schema.org\",\"@graph\":[{\"@type\":\"Article\",\"@id\":\"https:\/\/www.mindfulnessaccion.com\/es\/2016\/06\/10\/mindfulness-hacia-un-consumo-responsable\/#article\",\"isPartOf\":{\"@id\":\"https:\/\/www.mindfulnessaccion.com\/es\/2016\/06\/10\/mindfulness-hacia-un-consumo-responsable\/\"},\"author\":{\"name\":\"lopezad90\",\"@id\":\"https:\/\/www.mindfulnessaccion.com\/es\/#\/schema\/person\/224284a23a3f5ee3c2f663030878abae\"},\"headline\":\"Mindfulness, hacia un consumo responsable\",\"datePublished\":\"2016-06-10T15:51:26+00:00\",\"dateModified\":\"2023-06-29T07:30:38+00:00\",\"mainEntityOfPage\":{\"@id\":\"https:\/\/www.mindfulnessaccion.com\/es\/2016\/06\/10\/mindfulness-hacia-un-consumo-responsable\/\"},\"wordCount\":732,\"commentCount\":0,\"publisher\":{\"@id\":\"https:\/\/www.mindfulnessaccion.com\/es\/#organization\"},\"image\":{\"@id\":\"https:\/\/www.mindfulnessaccion.com\/es\/2016\/06\/10\/mindfulness-hacia-un-consumo-responsable\/#primaryimage\"},\"thumbnailUrl\":\"https:\/\/www.mindfulnessaccion.com\/wp-content\/uploads\/2016\/06\/15.jpg\",\"inLanguage\":\"es\"},{\"@type\":\"WebPage\",\"@id\":\"https:\/\/www.mindfulnessaccion.com\/es\/2016\/06\/10\/mindfulness-hacia-un-consumo-responsable\/\",\"url\":\"https:\/\/www.mindfulnessaccion.com\/es\/2016\/06\/10\/mindfulness-hacia-un-consumo-responsable\/\",\"name\":\"Mindfulness, hacia un consumo responsable - Mindfulnessaccio\",\"isPartOf\":{\"@id\":\"https:\/\/www.mindfulnessaccion.com\/es\/#website\"},\"primaryImageOfPage\":{\"@id\":\"https:\/\/www.mindfulnessaccion.com\/es\/2016\/06\/10\/mindfulness-hacia-un-consumo-responsable\/#primaryimage\"},\"image\":{\"@id\":\"https:\/\/www.mindfulnessaccion.com\/es\/2016\/06\/10\/mindfulness-hacia-un-consumo-responsable\/#primaryimage\"},\"thumbnailUrl\":\"https:\/\/www.mindfulnessaccion.com\/wp-content\/uploads\/2016\/06\/15.jpg\",\"datePublished\":\"2016-06-10T15:51:26+00:00\",\"dateModified\":\"2023-06-29T07:30:38+00:00\",\"breadcrumb\":{\"@id\":\"https:\/\/www.mindfulnessaccion.com\/es\/2016\/06\/10\/mindfulness-hacia-un-consumo-responsable\/#breadcrumb\"},\"inLanguage\":\"es\",\"potentialAction\":[{\"@type\":\"ReadAction\",\"target\":[\"https:\/\/www.mindfulnessaccion.com\/es\/2016\/06\/10\/mindfulness-hacia-un-consumo-responsable\/\"]}]},{\"@type\":\"ImageObject\",\"inLanguage\":\"es\",\"@id\":\"https:\/\/www.mindfulnessaccion.com\/es\/2016\/06\/10\/mindfulness-hacia-un-consumo-responsable\/#primaryimage\",\"url\":\"https:\/\/www.mindfulnessaccion.com\/wp-content\/uploads\/2016\/06\/15.jpg\",\"contentUrl\":\"https:\/\/www.mindfulnessaccion.com\/wp-content\/uploads\/2016\/06\/15.jpg\",\"width\":934,\"height\":623},{\"@type\":\"BreadcrumbList\",\"@id\":\"https:\/\/www.mindfulnessaccion.com\/es\/2016\/06\/10\/mindfulness-hacia-un-consumo-responsable\/#breadcrumb\",\"itemListElement\":[{\"@type\":\"ListItem\",\"position\":1,\"name\":\"Portada\",\"item\":\"https:\/\/www.mindfulnessaccion.com\/es\/\"},{\"@type\":\"ListItem\",\"position\":2,\"name\":\"Mindfulness, hacia un consumo responsable\"}]},{\"@type\":\"WebSite\",\"@id\":\"https:\/\/www.mindfulnessaccion.com\/es\/#website\",\"url\":\"https:\/\/www.mindfulnessaccion.com\/es\/\",\"name\":\"Mindfulnessaccio\",\"description\":\"\",\"publisher\":{\"@id\":\"https:\/\/www.mindfulnessaccion.com\/es\/#organization\"},\"potentialAction\":[{\"@type\":\"SearchAction\",\"target\":{\"@type\":\"EntryPoint\",\"urlTemplate\":\"https:\/\/www.mindfulnessaccion.com\/es\/?s={search_term_string}\"},\"query-input\":{\"@type\":\"PropertyValueSpecification\",\"valueRequired\":true,\"valueName\":\"search_term_string\"}}],\"inLanguage\":\"es\"},{\"@type\":\"Organization\",\"@id\":\"https:\/\/www.mindfulnessaccion.com\/es\/#organization\",\"name\":\"Mindfulnessaccio\",\"url\":\"https:\/\/www.mindfulnessaccion.com\/es\/\",\"logo\":{\"@type\":\"ImageObject\",\"inLanguage\":\"es\",\"@id\":\"https:\/\/www.mindfulnessaccion.com\/es\/#\/schema\/logo\/image\/\",\"url\":\"https:\/\/www.mindfulnessaccion.com\/wp-content\/uploads\/2021\/07\/logo.svg\",\"contentUrl\":\"https:\/\/www.mindfulnessaccion.com\/wp-content\/uploads\/2021\/07\/logo.svg\",\"width\":96,\"height\":28,\"caption\":\"Mindfulnessaccio\"},\"image\":{\"@id\":\"https:\/\/www.mindfulnessaccion.com\/es\/#\/schema\/logo\/image\/\"}},{\"@type\":\"Person\",\"@id\":\"https:\/\/www.mindfulnessaccion.com\/es\/#\/schema\/person\/224284a23a3f5ee3c2f663030878abae\",\"name\":\"lopezad90\",\"sameAs\":[\"https:\/\/www.mindfulnessaccion.com\"],\"url\":\"https:\/\/www.mindfulnessaccion.com\/es\/author\/lopezad90\/\"}]}<\/script>\n<!-- \/ Yoast SEO plugin. -->","yoast_head_json":{"title":"Mindfulness, hacia un consumo responsable - Mindfulnessaccio","robots":{"index":"index","follow":"follow","max-snippet":"max-snippet:-1","max-image-preview":"max-image-preview:large","max-video-preview":"max-video-preview:-1"},"canonical":"https:\/\/www.mindfulnessaccion.com\/es\/2016\/06\/10\/mindfulness-hacia-un-consumo-responsable\/","og_locale":"es_ES","og_type":"article","og_title":"Mindfulness, hacia un consumo responsable - Mindfulnessaccio","og_description":"Como nuestra manera de consumir&nbsp; puede beneficiar a la sociedad El actual modelo econ\u00f3mico responde a una inmersi\u00f3n completa en el consumismo. Las personas estamos constantemente expuestas a caer en un bucle de satisfacci\u00f3n-insatisfacci\u00f3n que nos empuja a adquirir nuevos art\u00edculos y servicios y a mantener nuestra mente en estados aleatorios de consumo o producci\u00f3n. [&hellip;]","og_url":"https:\/\/www.mindfulnessaccion.com\/es\/2016\/06\/10\/mindfulness-hacia-un-consumo-responsable\/","og_site_name":"Mindfulnessaccio","article_published_time":"2016-06-10T15:51:26+00:00","article_modified_time":"2023-06-29T07:30:38+00:00","og_image":[{"width":934,"height":623,"url":"https:\/\/www.mindfulnessaccion.com\/wp-content\/uploads\/2016\/06\/15.jpg","type":"image\/jpeg"}],"author":"lopezad90","twitter_card":"summary_large_image","twitter_misc":{"Escrito por":"lopezad90","Tiempo de lectura":"5 minutos"},"schema":{"@context":"https:\/\/schema.org","@graph":[{"@type":"Article","@id":"https:\/\/www.mindfulnessaccion.com\/es\/2016\/06\/10\/mindfulness-hacia-un-consumo-responsable\/#article","isPartOf":{"@id":"https:\/\/www.mindfulnessaccion.com\/es\/2016\/06\/10\/mindfulness-hacia-un-consumo-responsable\/"},"author":{"name":"lopezad90","@id":"https:\/\/www.mindfulnessaccion.com\/es\/#\/schema\/person\/224284a23a3f5ee3c2f663030878abae"},"headline":"Mindfulness, hacia un consumo responsable","datePublished":"2016-06-10T15:51:26+00:00","dateModified":"2023-06-29T07:30:38+00:00","mainEntityOfPage":{"@id":"https:\/\/www.mindfulnessaccion.com\/es\/2016\/06\/10\/mindfulness-hacia-un-consumo-responsable\/"},"wordCount":732,"commentCount":0,"publisher":{"@id":"https:\/\/www.mindfulnessaccion.com\/es\/#organization"},"image":{"@id":"https:\/\/www.mindfulnessaccion.com\/es\/2016\/06\/10\/mindfulness-hacia-un-consumo-responsable\/#primaryimage"},"thumbnailUrl":"https:\/\/www.mindfulnessaccion.com\/wp-content\/uploads\/2016\/06\/15.jpg","inLanguage":"es"},{"@type":"WebPage","@id":"https:\/\/www.mindfulnessaccion.com\/es\/2016\/06\/10\/mindfulness-hacia-un-consumo-responsable\/","url":"https:\/\/www.mindfulnessaccion.com\/es\/2016\/06\/10\/mindfulness-hacia-un-consumo-responsable\/","name":"Mindfulness, hacia un consumo responsable - Mindfulnessaccio","isPartOf":{"@id":"https:\/\/www.mindfulnessaccion.com\/es\/#website"},"primaryImageOfPage":{"@id":"https:\/\/www.mindfulnessaccion.com\/es\/2016\/06\/10\/mindfulness-hacia-un-consumo-responsable\/#primaryimage"},"image":{"@id":"https:\/\/www.mindfulnessaccion.com\/es\/2016\/06\/10\/mindfulness-hacia-un-consumo-responsable\/#primaryimage"},"thumbnailUrl":"https:\/\/www.mindfulnessaccion.com\/wp-content\/uploads\/2016\/06\/15.jpg","datePublished":"2016-06-10T15:51:26+00:00","dateModified":"2023-06-29T07:30:38+00:00","breadcrumb":{"@id":"https:\/\/www.mindfulnessaccion.com\/es\/2016\/06\/10\/mindfulness-hacia-un-consumo-responsable\/#breadcrumb"},"inLanguage":"es","potentialAction":[{"@type":"ReadAction","target":["https:\/\/www.mindfulnessaccion.com\/es\/2016\/06\/10\/mindfulness-hacia-un-consumo-responsable\/"]}]},{"@type":"ImageObject","inLanguage":"es","@id":"https:\/\/www.mindfulnessaccion.com\/es\/2016\/06\/10\/mindfulness-hacia-un-consumo-responsable\/#primaryimage","url":"https:\/\/www.mindfulnessaccion.com\/wp-content\/uploads\/2016\/06\/15.jpg","contentUrl":"https:\/\/www.mindfulnessaccion.com\/wp-content\/uploads\/2016\/06\/15.jpg","width":934,"height":623},{"@type":"BreadcrumbList","@id":"https:\/\/www.mindfulnessaccion.com\/es\/2016\/06\/10\/mindfulness-hacia-un-consumo-responsable\/#breadcrumb","itemListElement":[{"@type":"ListItem","position":1,"name":"Portada","item":"https:\/\/www.mindfulnessaccion.com\/es\/"},{"@type":"ListItem","position":2,"name":"Mindfulness, hacia un consumo responsable"}]},{"@type":"WebSite","@id":"https:\/\/www.mindfulnessaccion.com\/es\/#website","url":"https:\/\/www.mindfulnessaccion.com\/es\/","name":"Mindfulnessaccio","description":"","publisher":{"@id":"https:\/\/www.mindfulnessaccion.com\/es\/#organization"},"potentialAction":[{"@type":"SearchAction","target":{"@type":"EntryPoint","urlTemplate":"https:\/\/www.mindfulnessaccion.com\/es\/?s={search_term_string}"},"query-input":{"@type":"PropertyValueSpecification","valueRequired":true,"valueName":"search_term_string"}}],"inLanguage":"es"},{"@type":"Organization","@id":"https:\/\/www.mindfulnessaccion.com\/es\/#organization","name":"Mindfulnessaccio","url":"https:\/\/www.mindfulnessaccion.com\/es\/","logo":{"@type":"ImageObject","inLanguage":"es","@id":"https:\/\/www.mindfulnessaccion.com\/es\/#\/schema\/logo\/image\/","url":"https:\/\/www.mindfulnessaccion.com\/wp-content\/uploads\/2021\/07\/logo.svg","contentUrl":"https:\/\/www.mindfulnessaccion.com\/wp-content\/uploads\/2021\/07\/logo.svg","width":96,"height":28,"caption":"Mindfulnessaccio"},"image":{"@id":"https:\/\/www.mindfulnessaccion.com\/es\/#\/schema\/logo\/image\/"}},{"@type":"Person","@id":"https:\/\/www.mindfulnessaccion.com\/es\/#\/schema\/person\/224284a23a3f5ee3c2f663030878abae","name":"lopezad90","sameAs":["https:\/\/www.mindfulnessaccion.com"],"url":"https:\/\/www.mindfulnessaccion.com\/es\/author\/lopezad90\/"}]}},"_links":{"self":[{"href":"https:\/\/www.mindfulnessaccion.com\/es\/wp-json\/wp\/v2\/posts\/990799","targetHints":{"allow":["GET"]}}],"collection":[{"href":"https:\/\/www.mindfulnessaccion.com\/es\/wp-json\/wp\/v2\/posts"}],"about":[{"href":"https:\/\/www.mindfulnessaccion.com\/es\/wp-json\/wp\/v2\/types\/post"}],"author":[{"embeddable":true,"href":"https:\/\/www.mindfulnessaccion.com\/es\/wp-json\/wp\/v2\/users\/1"}],"replies":[{"embeddable":true,"href":"https:\/\/www.mindfulnessaccion.com\/es\/wp-json\/wp\/v2\/comments?post=990799"}],"version-history":[{"count":1,"href":"https:\/\/www.mindfulnessaccion.com\/es\/wp-json\/wp\/v2\/posts\/990799\/revisions"}],"predecessor-version":[{"id":992008,"href":"https:\/\/www.mindfulnessaccion.com\/es\/wp-json\/wp\/v2\/posts\/990799\/revisions\/992008"}],"wp:featuredmedia":[{"embeddable":true,"href":"https:\/\/www.mindfulnessaccion.com\/es\/wp-json\/wp\/v2\/media\/992003"}],"wp:attachment":[{"href":"https:\/\/www.mindfulnessaccion.com\/es\/wp-json\/wp\/v2\/media?parent=990799"}],"wp:term":[{"taxonomy":"category","embeddable":true,"href":"https:\/\/www.mindfulnessaccion.com\/es\/wp-json\/wp\/v2\/categories?post=990799"},{"taxonomy":"post_tag","embeddable":true,"href":"https:\/\/www.mindfulnessaccion.com\/es\/wp-json\/wp\/v2\/tags?post=990799"}],"curies":[{"name":"wp","href":"https:\/\/api.w.org\/{rel}","templated":true}]}}