{"id":990806,"date":"2018-01-29T15:09:01","date_gmt":"2018-01-29T15:09:01","guid":{"rendered":"https:\/\/www.mindfulnessaccion.com\/2018\/01\/29\/seguimiento-de-la-respiracion-una-medida-objetiva-de-atencion-plena-mindfulness\/"},"modified":"2023-06-29T07:28:52","modified_gmt":"2023-06-29T07:28:52","slug":"seguimiento-de-la-respiracion-una-medida-objetiva-de-atencion-plena-mindfulness","status":"publish","type":"post","link":"https:\/\/www.mindfulnessaccion.com\/es\/2018\/01\/29\/seguimiento-de-la-respiracion-una-medida-objetiva-de-atencion-plena-mindfulness\/","title":{"rendered":"Seguimiento de la Respiraci\u00f3n: Una medida objetiva de atenci\u00f3n plena (Mindfulness)"},"content":{"rendered":"<h1 class=\"ArticleTitle\" lang=\"en\">Hacia una medida objetiva de atenci\u00f3n plena: Replicar y ampliar las caracter\u00edsticas del conteo de la respiraci\u00f3n.<\/h1>\n<p>Art\u00edculo original de<\/p>\n<ul class=\"test-contributor-names\">\n<li class=\"u-mb-2 u-pt-4 u-pb-4\"><span class=\"authors__name\">Kian F. Wong<\/span><\/li>\n<li class=\"u-mb-2 u-pt-4 u-pb-4\"><span class=\"authors__name\">Stijn AA Massar<\/span><\/li>\n<li class=\"u-mb-2 u-pt-4 u-pb-4\"><span class=\"authors__name\">Michael W. L. Chee<\/span><\/li>\n<li class=\"u-mb-2 u-pt-4 u-pb-4\"><span class=\"authors__name\">Julian Lim<\/span><\/li>\n<\/ul>\n<p>Publicado<span class=\"article-dates__label\">&nbsp;<\/span><span class=\"article-dates__first-online\"><time datetime=\"2018-01-22\">22 de enero de 2018<\/time><\/span> por <a href=\"https:\/\/link.springer.com\/article\/10.1007\/s12671-017-0880-1\" target=\"_blank\" rel=\"noopener\">Springer Link<\/a><\/p>\n<p>A pesar de las iniciativas para la adopci\u00f3n de medidas objetivas de medici\u00f3n de la atenci\u00f3n plena, tales pr\u00e1cticas a\u00fan no se han establecido.<\/p>\n<p>En el siguiente estudio con 127 estudiantes universitarios de Singapur, se propuso el conteo de la respiraci\u00f3n (BCT por sus siglas en ingl\u00e9s) como un candidato confiable y v\u00e1lido para dicha tarea.<\/p>\n<p><a href=\"https:\/\/mindfulnessaccion.com\/wp-content\/uploads\/2018\/01\/descarga.jpg\"><img fetchpriority=\"high\" decoding=\"async\" class=\" size-full wp-image-17071 aligncenter\" src=\"https:\/\/mindfulnessaccion.com\/wp-content\/uploads\/2018\/01\/descarga.jpg\" alt=\"Inhala exhala\" width=\"259\" height=\"194\"><\/a><\/p>\n<p>Las mediciones de BCT mostraron una buena fiabilidad test-retest.&nbsp;Descubrimos adem\u00e1s que dos tipos diferentes de \u201cerrores\u201d en el conteo (errores de recuento y\/o reinicio) se correlacionaban con diferentes aspectos de la cognici\u00f3n.&nbsp;Las cantidades incorrectas, o los \u201cerrores\u201d cometidos sin conciencia, se asociaron con lapsos atencionales, mientras que cuando nos damos cuenta y se consigue reorientar la consciencia, se asocian con el deambular de la mente.<\/p>\n<p>El BCT puede ser un candidato adecuado para la medici\u00f3n estandarizada de la atenci\u00f3n plena que podr\u00eda usarse adem\u00e1s en cuestionarios y ensayos cl\u00ednicos.<\/p>\n<p>Puedes acceder al original en el siguiente enlace:<\/p>\n<p><a href=\"https:\/\/link.springer.com\/article\/10.1007\/s12671-017-0880-1\" target=\"_blank\" rel=\"noopener\">https:\/\/link.springer.com\/article\/10.1007\/s12671-017-0880-1<\/a><\/p>\n<p>Traducci\u00f3n libre de&nbsp;<a href=\"https:\/\/mindfulnessaccion.com\/qui-som\/\" target=\"_blank\" rel=\"noopener\">Joan Carles Espejo<\/a>&nbsp;utilizando google traductor.<\/p>\n<p>[vc_column_text][button size=\u00bbmedium\u00bb icon=\u00bb target=\u00bb_self\u00bb hover_type=\u00bbdefault\u00bb text=\u00bbCursos 8 semanas mindfulness Girona\u00bb link=\u00bbhttps:\/\/mindfulnessaccion.com\/mindfulness-per-a-lestres-i-lansietat-girona\/\u00bb color=\u00bb#ffffff\u00bb hover_color=\u00bb#ffffff\u00bb background_color=\u00bb#608ec0&#8243; hover_background_color=\u00bb#1c51c6&#8243; border_color=\u00bb#608ec0&#8243; hover_border_color=\u00bb#1c51c6&#8243; border_radius=\u00bb4&#8243;][\/vc_column_text][vc_column_text][button size=\u00bbmedium\u00bb icon=\u00bb target=\u00bb_self\u00bb hover_type=\u00bbdefault\u00bb text=\u00bbCursos 8 semanas mindfulness Barcelona\u00bb link=\u00bbhttps:\/\/mindfulnessaccion.com\/mindfulness-per-a-lestres-i-lansietat-barcelona\/\u00bb color=\u00bb#ffffff\u00bb hover_color=\u00bb#ffffff\u00bb background_color=\u00bb#608ec0&#8243; hover_background_color=\u00bb#1c51c6&#8243; border_color=\u00bb#608ec0&#8243; hover_border_color=\u00bb#1c51c6&#8243; border_radius=\u00bb4&#8243;][\/vc_column_text][vc_column_text][button size=\u00bbmedium\u00bb icon=\u00bb target=\u00bb_self\u00bb hover_type=\u00bbdefault\u00bb text=\u00bbCursos 8 semanas mindfulness Sant Cugat\u00bb link=\u00bbhttps:\/\/mindfulnessaccion.com\/mindfulness-reduccio-estres-i-ansietat-sant-cugat-del-valles\/\u00bb color=\u00bb#ffffff\u00bb hover_color=\u00bb#ffffff\u00bb background_color=\u00bb#608ec0&#8243; hover_background_color=\u00bb#1c51c6&#8243; border_color=\u00bb#608ec0&#8243; hover_border_color=\u00bb#1c51c6&#8243; border_radius=\u00bb4&#8243;][\/vc_column_text]<\/p>\n","protected":false},"excerpt":{"rendered":"<p>Hacia una medida objetiva de atenci\u00f3n plena: Replicar y ampliar las caracter\u00edsticas del conteo de la respiraci\u00f3n. Art\u00edculo original de Kian F. Wong Stijn AA Massar Michael W. L. Chee Julian Lim Publicado&nbsp;22 de enero de 2018 por Springer Link A pesar de las iniciativas para la adopci\u00f3n de medidas objetivas de medici\u00f3n de la [&hellip;]<\/p>\n","protected":false},"author":1,"featured_media":991986,"comment_status":"open","ping_status":"open","sticky":false,"template":"","format":"standard","meta":{"rs_blank_template":"","rs_page_bg_color":"","slide_template_v7":"","_joinchat":[],"footnotes":""},"categories":[202],"tags":[],"class_list":["post-990806","post","type-post","status-publish","format-standard","has-post-thumbnail","hentry","category-sin-categoria"],"yoast_head":"<!-- This site is optimized with the Yoast SEO plugin v27.2 - https:\/\/yoast.com\/product\/yoast-seo-wordpress\/ -->\n<title>Seguimiento de la Respiraci\u00f3n: Una medida objetiva de atenci\u00f3n plena (Mindfulness) - Mindfulnessaccio<\/title>\n<meta name=\"robots\" content=\"index, follow, max-snippet:-1, max-image-preview:large, max-video-preview:-1\" \/>\n<link rel=\"canonical\" href=\"https:\/\/www.mindfulnessaccion.com\/es\/2018\/01\/29\/seguimiento-de-la-respiracion-una-medida-objetiva-de-atencion-plena-mindfulness\/\" \/>\n<meta property=\"og:locale\" content=\"es_ES\" \/>\n<meta property=\"og:type\" content=\"article\" \/>\n<meta property=\"og:title\" content=\"Seguimiento de la Respiraci\u00f3n: Una medida objetiva de atenci\u00f3n plena (Mindfulness) - Mindfulnessaccio\" \/>\n<meta property=\"og:description\" content=\"Hacia una medida objetiva de atenci\u00f3n plena: Replicar y ampliar las caracter\u00edsticas del conteo de la respiraci\u00f3n. Art\u00edculo original de Kian F. Wong Stijn AA Massar Michael W. L. Chee Julian Lim Publicado&nbsp;22 de enero de 2018 por Springer Link A pesar de las iniciativas para la adopci\u00f3n de medidas objetivas de medici\u00f3n de la [&hellip;]\" \/>\n<meta property=\"og:url\" content=\"https:\/\/www.mindfulnessaccion.com\/es\/2018\/01\/29\/seguimiento-de-la-respiracion-una-medida-objetiva-de-atencion-plena-mindfulness\/\" \/>\n<meta property=\"og:site_name\" content=\"Mindfulnessaccio\" \/>\n<meta property=\"article:published_time\" content=\"2018-01-29T15:09:01+00:00\" \/>\n<meta property=\"article:modified_time\" content=\"2023-06-29T07:28:52+00:00\" \/>\n<meta property=\"og:image\" content=\"https:\/\/www.mindfulnessaccion.com\/wp-content\/uploads\/2018\/01\/8.jpg\" \/>\n\t<meta property=\"og:image:width\" content=\"510\" \/>\n\t<meta property=\"og:image:height\" content=\"338\" \/>\n\t<meta property=\"og:image:type\" content=\"image\/jpeg\" \/>\n<meta name=\"author\" content=\"lopezad90\" \/>\n<meta name=\"twitter:card\" content=\"summary_large_image\" \/>\n<meta name=\"twitter:label1\" content=\"Escrito por\" \/>\n\t<meta name=\"twitter:data1\" content=\"lopezad90\" \/>\n\t<meta name=\"twitter:label2\" content=\"Tiempo de lectura\" \/>\n\t<meta name=\"twitter:data2\" content=\"2 minutos\" \/>\n<script type=\"application\/ld+json\" class=\"yoast-schema-graph\">{\"@context\":\"https:\/\/schema.org\",\"@graph\":[{\"@type\":\"Article\",\"@id\":\"https:\/\/www.mindfulnessaccion.com\/es\/2018\/01\/29\/seguimiento-de-la-respiracion-una-medida-objetiva-de-atencion-plena-mindfulness\/#article\",\"isPartOf\":{\"@id\":\"https:\/\/www.mindfulnessaccion.com\/es\/2018\/01\/29\/seguimiento-de-la-respiracion-una-medida-objetiva-de-atencion-plena-mindfulness\/\"},\"author\":{\"name\":\"lopezad90\",\"@id\":\"https:\/\/www.mindfulnessaccion.com\/es\/#\/schema\/person\/224284a23a3f5ee3c2f663030878abae\"},\"headline\":\"Seguimiento de la Respiraci\u00f3n: Una medida objetiva de atenci\u00f3n plena (Mindfulness)\",\"datePublished\":\"2018-01-29T15:09:01+00:00\",\"dateModified\":\"2023-06-29T07:28:52+00:00\",\"mainEntityOfPage\":{\"@id\":\"https:\/\/www.mindfulnessaccion.com\/es\/2018\/01\/29\/seguimiento-de-la-respiracion-una-medida-objetiva-de-atencion-plena-mindfulness\/\"},\"wordCount\":395,\"commentCount\":0,\"publisher\":{\"@id\":\"https:\/\/www.mindfulnessaccion.com\/es\/#organization\"},\"image\":{\"@id\":\"https:\/\/www.mindfulnessaccion.com\/es\/2018\/01\/29\/seguimiento-de-la-respiracion-una-medida-objetiva-de-atencion-plena-mindfulness\/#primaryimage\"},\"thumbnailUrl\":\"https:\/\/www.mindfulnessaccion.com\/wp-content\/uploads\/2018\/01\/8.jpg\",\"inLanguage\":\"es\"},{\"@type\":\"WebPage\",\"@id\":\"https:\/\/www.mindfulnessaccion.com\/es\/2018\/01\/29\/seguimiento-de-la-respiracion-una-medida-objetiva-de-atencion-plena-mindfulness\/\",\"url\":\"https:\/\/www.mindfulnessaccion.com\/es\/2018\/01\/29\/seguimiento-de-la-respiracion-una-medida-objetiva-de-atencion-plena-mindfulness\/\",\"name\":\"Seguimiento de la Respiraci\u00f3n: Una medida objetiva de atenci\u00f3n plena (Mindfulness) - Mindfulnessaccio\",\"isPartOf\":{\"@id\":\"https:\/\/www.mindfulnessaccion.com\/es\/#website\"},\"primaryImageOfPage\":{\"@id\":\"https:\/\/www.mindfulnessaccion.com\/es\/2018\/01\/29\/seguimiento-de-la-respiracion-una-medida-objetiva-de-atencion-plena-mindfulness\/#primaryimage\"},\"image\":{\"@id\":\"https:\/\/www.mindfulnessaccion.com\/es\/2018\/01\/29\/seguimiento-de-la-respiracion-una-medida-objetiva-de-atencion-plena-mindfulness\/#primaryimage\"},\"thumbnailUrl\":\"https:\/\/www.mindfulnessaccion.com\/wp-content\/uploads\/2018\/01\/8.jpg\",\"datePublished\":\"2018-01-29T15:09:01+00:00\",\"dateModified\":\"2023-06-29T07:28:52+00:00\",\"breadcrumb\":{\"@id\":\"https:\/\/www.mindfulnessaccion.com\/es\/2018\/01\/29\/seguimiento-de-la-respiracion-una-medida-objetiva-de-atencion-plena-mindfulness\/#breadcrumb\"},\"inLanguage\":\"es\",\"potentialAction\":[{\"@type\":\"ReadAction\",\"target\":[\"https:\/\/www.mindfulnessaccion.com\/es\/2018\/01\/29\/seguimiento-de-la-respiracion-una-medida-objetiva-de-atencion-plena-mindfulness\/\"]}]},{\"@type\":\"ImageObject\",\"inLanguage\":\"es\",\"@id\":\"https:\/\/www.mindfulnessaccion.com\/es\/2018\/01\/29\/seguimiento-de-la-respiracion-una-medida-objetiva-de-atencion-plena-mindfulness\/#primaryimage\",\"url\":\"https:\/\/www.mindfulnessaccion.com\/wp-content\/uploads\/2018\/01\/8.jpg\",\"contentUrl\":\"https:\/\/www.mindfulnessaccion.com\/wp-content\/uploads\/2018\/01\/8.jpg\",\"width\":510,\"height\":338},{\"@type\":\"BreadcrumbList\",\"@id\":\"https:\/\/www.mindfulnessaccion.com\/es\/2018\/01\/29\/seguimiento-de-la-respiracion-una-medida-objetiva-de-atencion-plena-mindfulness\/#breadcrumb\",\"itemListElement\":[{\"@type\":\"ListItem\",\"position\":1,\"name\":\"Portada\",\"item\":\"https:\/\/www.mindfulnessaccion.com\/es\/\"},{\"@type\":\"ListItem\",\"position\":2,\"name\":\"Seguimiento de la Respiraci\u00f3n: Una medida objetiva de atenci\u00f3n plena (Mindfulness)\"}]},{\"@type\":\"WebSite\",\"@id\":\"https:\/\/www.mindfulnessaccion.com\/es\/#website\",\"url\":\"https:\/\/www.mindfulnessaccion.com\/es\/\",\"name\":\"Mindfulnessaccio\",\"description\":\"\",\"publisher\":{\"@id\":\"https:\/\/www.mindfulnessaccion.com\/es\/#organization\"},\"potentialAction\":[{\"@type\":\"SearchAction\",\"target\":{\"@type\":\"EntryPoint\",\"urlTemplate\":\"https:\/\/www.mindfulnessaccion.com\/es\/?s={search_term_string}\"},\"query-input\":{\"@type\":\"PropertyValueSpecification\",\"valueRequired\":true,\"valueName\":\"search_term_string\"}}],\"inLanguage\":\"es\"},{\"@type\":\"Organization\",\"@id\":\"https:\/\/www.mindfulnessaccion.com\/es\/#organization\",\"name\":\"Mindfulnessaccio\",\"url\":\"https:\/\/www.mindfulnessaccion.com\/es\/\",\"logo\":{\"@type\":\"ImageObject\",\"inLanguage\":\"es\",\"@id\":\"https:\/\/www.mindfulnessaccion.com\/es\/#\/schema\/logo\/image\/\",\"url\":\"https:\/\/www.mindfulnessaccion.com\/wp-content\/uploads\/2021\/07\/logo.svg\",\"contentUrl\":\"https:\/\/www.mindfulnessaccion.com\/wp-content\/uploads\/2021\/07\/logo.svg\",\"width\":96,\"height\":28,\"caption\":\"Mindfulnessaccio\"},\"image\":{\"@id\":\"https:\/\/www.mindfulnessaccion.com\/es\/#\/schema\/logo\/image\/\"}},{\"@type\":\"Person\",\"@id\":\"https:\/\/www.mindfulnessaccion.com\/es\/#\/schema\/person\/224284a23a3f5ee3c2f663030878abae\",\"name\":\"lopezad90\",\"sameAs\":[\"https:\/\/www.mindfulnessaccion.com\"],\"url\":\"https:\/\/www.mindfulnessaccion.com\/es\/author\/lopezad90\/\"}]}<\/script>\n<!-- \/ Yoast SEO plugin. -->","yoast_head_json":{"title":"Seguimiento de la Respiraci\u00f3n: Una medida objetiva de atenci\u00f3n plena (Mindfulness) - Mindfulnessaccio","robots":{"index":"index","follow":"follow","max-snippet":"max-snippet:-1","max-image-preview":"max-image-preview:large","max-video-preview":"max-video-preview:-1"},"canonical":"https:\/\/www.mindfulnessaccion.com\/es\/2018\/01\/29\/seguimiento-de-la-respiracion-una-medida-objetiva-de-atencion-plena-mindfulness\/","og_locale":"es_ES","og_type":"article","og_title":"Seguimiento de la Respiraci\u00f3n: Una medida objetiva de atenci\u00f3n plena (Mindfulness) - Mindfulnessaccio","og_description":"Hacia una medida objetiva de atenci\u00f3n plena: Replicar y ampliar las caracter\u00edsticas del conteo de la respiraci\u00f3n. Art\u00edculo original de Kian F. Wong Stijn AA Massar Michael W. L. Chee Julian Lim Publicado&nbsp;22 de enero de 2018 por Springer Link A pesar de las iniciativas para la adopci\u00f3n de medidas objetivas de medici\u00f3n de la [&hellip;]","og_url":"https:\/\/www.mindfulnessaccion.com\/es\/2018\/01\/29\/seguimiento-de-la-respiracion-una-medida-objetiva-de-atencion-plena-mindfulness\/","og_site_name":"Mindfulnessaccio","article_published_time":"2018-01-29T15:09:01+00:00","article_modified_time":"2023-06-29T07:28:52+00:00","og_image":[{"width":510,"height":338,"url":"https:\/\/www.mindfulnessaccion.com\/wp-content\/uploads\/2018\/01\/8.jpg","type":"image\/jpeg"}],"author":"lopezad90","twitter_card":"summary_large_image","twitter_misc":{"Escrito por":"lopezad90","Tiempo de lectura":"2 minutos"},"schema":{"@context":"https:\/\/schema.org","@graph":[{"@type":"Article","@id":"https:\/\/www.mindfulnessaccion.com\/es\/2018\/01\/29\/seguimiento-de-la-respiracion-una-medida-objetiva-de-atencion-plena-mindfulness\/#article","isPartOf":{"@id":"https:\/\/www.mindfulnessaccion.com\/es\/2018\/01\/29\/seguimiento-de-la-respiracion-una-medida-objetiva-de-atencion-plena-mindfulness\/"},"author":{"name":"lopezad90","@id":"https:\/\/www.mindfulnessaccion.com\/es\/#\/schema\/person\/224284a23a3f5ee3c2f663030878abae"},"headline":"Seguimiento de la Respiraci\u00f3n: Una medida objetiva de atenci\u00f3n plena (Mindfulness)","datePublished":"2018-01-29T15:09:01+00:00","dateModified":"2023-06-29T07:28:52+00:00","mainEntityOfPage":{"@id":"https:\/\/www.mindfulnessaccion.com\/es\/2018\/01\/29\/seguimiento-de-la-respiracion-una-medida-objetiva-de-atencion-plena-mindfulness\/"},"wordCount":395,"commentCount":0,"publisher":{"@id":"https:\/\/www.mindfulnessaccion.com\/es\/#organization"},"image":{"@id":"https:\/\/www.mindfulnessaccion.com\/es\/2018\/01\/29\/seguimiento-de-la-respiracion-una-medida-objetiva-de-atencion-plena-mindfulness\/#primaryimage"},"thumbnailUrl":"https:\/\/www.mindfulnessaccion.com\/wp-content\/uploads\/2018\/01\/8.jpg","inLanguage":"es"},{"@type":"WebPage","@id":"https:\/\/www.mindfulnessaccion.com\/es\/2018\/01\/29\/seguimiento-de-la-respiracion-una-medida-objetiva-de-atencion-plena-mindfulness\/","url":"https:\/\/www.mindfulnessaccion.com\/es\/2018\/01\/29\/seguimiento-de-la-respiracion-una-medida-objetiva-de-atencion-plena-mindfulness\/","name":"Seguimiento de la Respiraci\u00f3n: Una medida objetiva de atenci\u00f3n plena (Mindfulness) - Mindfulnessaccio","isPartOf":{"@id":"https:\/\/www.mindfulnessaccion.com\/es\/#website"},"primaryImageOfPage":{"@id":"https:\/\/www.mindfulnessaccion.com\/es\/2018\/01\/29\/seguimiento-de-la-respiracion-una-medida-objetiva-de-atencion-plena-mindfulness\/#primaryimage"},"image":{"@id":"https:\/\/www.mindfulnessaccion.com\/es\/2018\/01\/29\/seguimiento-de-la-respiracion-una-medida-objetiva-de-atencion-plena-mindfulness\/#primaryimage"},"thumbnailUrl":"https:\/\/www.mindfulnessaccion.com\/wp-content\/uploads\/2018\/01\/8.jpg","datePublished":"2018-01-29T15:09:01+00:00","dateModified":"2023-06-29T07:28:52+00:00","breadcrumb":{"@id":"https:\/\/www.mindfulnessaccion.com\/es\/2018\/01\/29\/seguimiento-de-la-respiracion-una-medida-objetiva-de-atencion-plena-mindfulness\/#breadcrumb"},"inLanguage":"es","potentialAction":[{"@type":"ReadAction","target":["https:\/\/www.mindfulnessaccion.com\/es\/2018\/01\/29\/seguimiento-de-la-respiracion-una-medida-objetiva-de-atencion-plena-mindfulness\/"]}]},{"@type":"ImageObject","inLanguage":"es","@id":"https:\/\/www.mindfulnessaccion.com\/es\/2018\/01\/29\/seguimiento-de-la-respiracion-una-medida-objetiva-de-atencion-plena-mindfulness\/#primaryimage","url":"https:\/\/www.mindfulnessaccion.com\/wp-content\/uploads\/2018\/01\/8.jpg","contentUrl":"https:\/\/www.mindfulnessaccion.com\/wp-content\/uploads\/2018\/01\/8.jpg","width":510,"height":338},{"@type":"BreadcrumbList","@id":"https:\/\/www.mindfulnessaccion.com\/es\/2018\/01\/29\/seguimiento-de-la-respiracion-una-medida-objetiva-de-atencion-plena-mindfulness\/#breadcrumb","itemListElement":[{"@type":"ListItem","position":1,"name":"Portada","item":"https:\/\/www.mindfulnessaccion.com\/es\/"},{"@type":"ListItem","position":2,"name":"Seguimiento de la Respiraci\u00f3n: Una medida objetiva de atenci\u00f3n plena (Mindfulness)"}]},{"@type":"WebSite","@id":"https:\/\/www.mindfulnessaccion.com\/es\/#website","url":"https:\/\/www.mindfulnessaccion.com\/es\/","name":"Mindfulnessaccio","description":"","publisher":{"@id":"https:\/\/www.mindfulnessaccion.com\/es\/#organization"},"potentialAction":[{"@type":"SearchAction","target":{"@type":"EntryPoint","urlTemplate":"https:\/\/www.mindfulnessaccion.com\/es\/?s={search_term_string}"},"query-input":{"@type":"PropertyValueSpecification","valueRequired":true,"valueName":"search_term_string"}}],"inLanguage":"es"},{"@type":"Organization","@id":"https:\/\/www.mindfulnessaccion.com\/es\/#organization","name":"Mindfulnessaccio","url":"https:\/\/www.mindfulnessaccion.com\/es\/","logo":{"@type":"ImageObject","inLanguage":"es","@id":"https:\/\/www.mindfulnessaccion.com\/es\/#\/schema\/logo\/image\/","url":"https:\/\/www.mindfulnessaccion.com\/wp-content\/uploads\/2021\/07\/logo.svg","contentUrl":"https:\/\/www.mindfulnessaccion.com\/wp-content\/uploads\/2021\/07\/logo.svg","width":96,"height":28,"caption":"Mindfulnessaccio"},"image":{"@id":"https:\/\/www.mindfulnessaccion.com\/es\/#\/schema\/logo\/image\/"}},{"@type":"Person","@id":"https:\/\/www.mindfulnessaccion.com\/es\/#\/schema\/person\/224284a23a3f5ee3c2f663030878abae","name":"lopezad90","sameAs":["https:\/\/www.mindfulnessaccion.com"],"url":"https:\/\/www.mindfulnessaccion.com\/es\/author\/lopezad90\/"}]}},"_links":{"self":[{"href":"https:\/\/www.mindfulnessaccion.com\/es\/wp-json\/wp\/v2\/posts\/990806","targetHints":{"allow":["GET"]}}],"collection":[{"href":"https:\/\/www.mindfulnessaccion.com\/es\/wp-json\/wp\/v2\/posts"}],"about":[{"href":"https:\/\/www.mindfulnessaccion.com\/es\/wp-json\/wp\/v2\/types\/post"}],"author":[{"embeddable":true,"href":"https:\/\/www.mindfulnessaccion.com\/es\/wp-json\/wp\/v2\/users\/1"}],"replies":[{"embeddable":true,"href":"https:\/\/www.mindfulnessaccion.com\/es\/wp-json\/wp\/v2\/comments?post=990806"}],"version-history":[{"count":1,"href":"https:\/\/www.mindfulnessaccion.com\/es\/wp-json\/wp\/v2\/posts\/990806\/revisions"}],"predecessor-version":[{"id":991991,"href":"https:\/\/www.mindfulnessaccion.com\/es\/wp-json\/wp\/v2\/posts\/990806\/revisions\/991991"}],"wp:featuredmedia":[{"embeddable":true,"href":"https:\/\/www.mindfulnessaccion.com\/es\/wp-json\/wp\/v2\/media\/991986"}],"wp:attachment":[{"href":"https:\/\/www.mindfulnessaccion.com\/es\/wp-json\/wp\/v2\/media?parent=990806"}],"wp:term":[{"taxonomy":"category","embeddable":true,"href":"https:\/\/www.mindfulnessaccion.com\/es\/wp-json\/wp\/v2\/categories?post=990806"},{"taxonomy":"post_tag","embeddable":true,"href":"https:\/\/www.mindfulnessaccion.com\/es\/wp-json\/wp\/v2\/tags?post=990806"}],"curies":[{"name":"wp","href":"https:\/\/api.w.org\/{rel}","templated":true}]}}