{"id":990813,"date":"2018-08-15T10:09:54","date_gmt":"2018-08-15T10:09:54","guid":{"rendered":"https:\/\/www.mindfulnessaccion.com\/2018\/08\/15\/sesiones-mindfulness-en-la-empresa-de-mango\/"},"modified":"2023-06-29T07:27:48","modified_gmt":"2023-06-29T07:27:48","slug":"sesiones-mindfulness-en-la-empresa-de-mango","status":"publish","type":"post","link":"https:\/\/www.mindfulnessaccion.com\/es\/2018\/08\/15\/sesiones-mindfulness-en-la-empresa-de-mango\/","title":{"rendered":"Sesiones mindfulness en la empresa de Mango"},"content":{"rendered":"<h2><\/h2>\n<p style=\"text-align: justify;\"><strong>Mindfulnessacci\u00f3<\/strong> lleva&nbsp;casi un a\u00f1o impartiendo sesiones semanales de&nbsp;mindfulness&nbsp;en la <strong>central de&nbsp;Mango<\/strong>&nbsp;en Palau&nbsp;Solit\u00e0 i Plegamans. Estas sesiones se llevan a cabo dentro del contexto de empresas saludables a la cual&nbsp;Mango&nbsp;pertenece. Estas empresas han decidido invertir dinero no s\u00f3lo en la seguridad e higiene dentro del \u00e1mbito laboral sino tambi\u00e9n en la salud y el bienestar de sus trabajadores.<\/p>\n<p style=\"text-align: justify;\"><em><strong>La ansiedad y el estr\u00e9s&nbsp;es hoy en d\u00eda la segunda causa de baja laboral de los pa\u00edses en occidente. La&nbsp;Organizaci\u00f3n&nbsp;Internacional del&nbsp;Trabajo&nbsp;advierte&nbsp;que el&nbsp;estr\u00e9s&nbsp;laboral&nbsp;supone p\u00e9rdidas&nbsp;de entre el 0,5%&nbsp;y&nbsp;el 3,5% del PIB de&nbsp;los&nbsp;pa\u00edses.<\/strong><\/em><\/p>\n<p style=\"text-align: justify;\">Conscientes de que el estr\u00e9s afecta negativamente a la salud de los trabajadores y en consecuencia al rendimiento, a la calidad del trabajo y al absentismo laboral,&nbsp;Mango&nbsp;ha decidido ofrecer de forma&nbsp;gratuita&nbsp;a sus trabajadores, <strong>dos sesiones de&nbsp;mindfulness&nbsp;a la&nbsp;semana&nbsp;de 30 minutos cada una<\/strong>.<\/p>\n<p style=\"text-align: justify;\">Aprovechamos y creamos un espacio agradable, \u00edntimo y de silencio para que el trabajador pueda descargar parte del estr\u00e9s del d\u00eda y conectar con su cuerpo, su respiraci\u00f3n y sus emociones. Es un espacio donde renovarse y salir m\u00e1s fresco y conectado.<\/p>\n<p>Las sesiones constan de:<br \/>\n<strong>\u2022 10 minutos de estiramientos suaves tipos&nbsp;Chi Kung<\/strong><br \/>\n<strong> \u2022 15 minutos de meditaci\u00f3n formal dirigida<\/strong><br \/>\n<strong> \u2022 5 minutos de toma de conciencia antes de reincorporarse al que hacer diario<\/strong><\/p>\n<p>Otras empresas con las que&nbsp;mindfulnessacci\u00f3n trabaja en la actualidad llevando a cabo distintos <strong>programas de mindfulness<\/strong> enfocados todos ellos a la mejor\u00eda del bienestar en la empresa:&nbsp;<strong><a href=\"http:\/\/www.ascensia.com\/es\/\" target=\"_blank\" rel=\"noopener\">Asecnsia&nbsp;Diabetes<\/a><\/strong>&nbsp;(Cornell\u00e0),&nbsp;<strong><a href=\"http:\/\/www.cecasfundacio.cat\/que-es-cecas\" target=\"_blank\" rel=\"noopener\">Fundaci\u00f3n&nbsp;Cecas<\/a><\/strong>(Barcelona),&nbsp;<strong><a href=\"http:\/\/cemformacio.net\/es\/\" target=\"_blank\" rel=\"noopener\">Cem&nbsp;Formaci\u00f3n<\/a><\/strong> (Rub\u00ed),&nbsp;<strong><a href=\"http:\/\/www.teambplus.com\/\" target=\"_blank\" rel=\"noopener\">Team&nbsp;B Plus<\/a><\/strong> (Sabadell)<\/p>\n<p>Empresas y organizaciones tales como&nbsp;<strong>Google o Apple<\/strong> llevan a\u00f1os ofreciendo mindfulness a sus empleados con largas listas de espera como una forma inteligente y \u00fatil de incrementar su bienestar y reducir el estr\u00e9s en las empresas.<\/p>\n<p><span style=\"color: #0000ff;\">Aleix de Gispert<\/span><\/p>\n<p><span style=\"color: #0000ff;\">Instructor certificado de mindfulness\/+34 640 686 741\/Aleix@mindfulnessaccion.com<\/span><\/p>\n<p>&nbsp;<\/p>\n<p>[vc_column_text][button size=\u00bbmedium\u00bb icon=\u00bb target=\u00bb_self\u00bb hover_type=\u00bbdefault\u00bb text=\u00bbCursos mindfulness empresas\u00bb link=\u00bbhttps:\/\/mindfulnessaccion.com\/curso-mindfulness-para-empresas\/?lang=es\/\u00bb color=\u00bb#ffffff\u00bb hover_color=\u00bb#ffffff\u00bb background_color=\u00bb#608ec0&#8243; hover_background_color=\u00bb#1c51c6&#8243; border_color=\u00bb#608ec0&#8243; hover_border_color=\u00bb#1c51c6&#8243; border_radius=\u00bb4&#8243;][\/vc_column_text]<\/p>\n<p>&nbsp;<\/p>\n<p>&nbsp;<\/p>\n","protected":false},"excerpt":{"rendered":"<p>Las sesiones de mindfulness en la empresa es una forma inteligente y pr\u00e1ctica de aportar serenidad y tranquilidad en el \u00e1mbito laboral.<\/p>\n","protected":false},"author":1,"featured_media":991974,"comment_status":"open","ping_status":"open","sticky":false,"template":"","format":"standard","meta":{"rs_blank_template":"","rs_page_bg_color":"","slide_template_v7":"","_joinchat":[],"footnotes":""},"categories":[204],"tags":[],"class_list":["post-990813","post","type-post","status-publish","format-standard","has-post-thumbnail","hentry","category-mindfulness-y-meditacion"],"yoast_head":"<!-- This site is optimized with the Yoast SEO plugin v27.2 - https:\/\/yoast.com\/product\/yoast-seo-wordpress\/ -->\n<title>Sesiones mindfulness en la empresa de Mango - Mindfulnessaccio<\/title>\n<meta name=\"robots\" content=\"index, follow, max-snippet:-1, max-image-preview:large, max-video-preview:-1\" \/>\n<link rel=\"canonical\" href=\"https:\/\/www.mindfulnessaccion.com\/es\/2018\/08\/15\/sesiones-mindfulness-en-la-empresa-de-mango\/\" \/>\n<meta property=\"og:locale\" content=\"es_ES\" \/>\n<meta property=\"og:type\" content=\"article\" \/>\n<meta property=\"og:title\" content=\"Sesiones mindfulness en la empresa de Mango - Mindfulnessaccio\" \/>\n<meta property=\"og:description\" content=\"Las sesiones de mindfulness en la empresa es una forma inteligente y pr\u00e1ctica de aportar serenidad y tranquilidad en el \u00e1mbito laboral.\" \/>\n<meta property=\"og:url\" content=\"https:\/\/www.mindfulnessaccion.com\/es\/2018\/08\/15\/sesiones-mindfulness-en-la-empresa-de-mango\/\" \/>\n<meta property=\"og:site_name\" content=\"Mindfulnessaccio\" \/>\n<meta property=\"article:published_time\" content=\"2018-08-15T10:09:54+00:00\" \/>\n<meta property=\"article:modified_time\" content=\"2023-06-29T07:27:48+00:00\" \/>\n<meta property=\"og:image\" content=\"https:\/\/www.mindfulnessaccion.com\/wp-content\/uploads\/2018\/08\/5.jpg\" \/>\n\t<meta property=\"og:image:width\" content=\"900\" \/>\n\t<meta property=\"og:image:height\" content=\"675\" \/>\n\t<meta property=\"og:image:type\" content=\"image\/jpeg\" \/>\n<meta name=\"author\" content=\"lopezad90\" \/>\n<meta name=\"twitter:card\" content=\"summary_large_image\" \/>\n<meta name=\"twitter:label1\" content=\"Escrito por\" \/>\n\t<meta name=\"twitter:data1\" content=\"lopezad90\" \/>\n\t<meta name=\"twitter:label2\" content=\"Tiempo de lectura\" \/>\n\t<meta name=\"twitter:data2\" content=\"2 minutos\" \/>\n<script type=\"application\/ld+json\" class=\"yoast-schema-graph\">{\"@context\":\"https:\/\/schema.org\",\"@graph\":[{\"@type\":\"Article\",\"@id\":\"https:\/\/www.mindfulnessaccion.com\/es\/2018\/08\/15\/sesiones-mindfulness-en-la-empresa-de-mango\/#article\",\"isPartOf\":{\"@id\":\"https:\/\/www.mindfulnessaccion.com\/es\/2018\/08\/15\/sesiones-mindfulness-en-la-empresa-de-mango\/\"},\"author\":{\"name\":\"lopezad90\",\"@id\":\"https:\/\/www.mindfulnessaccion.com\/es\/#\/schema\/person\/224284a23a3f5ee3c2f663030878abae\"},\"headline\":\"Sesiones mindfulness en la empresa de Mango\",\"datePublished\":\"2018-08-15T10:09:54+00:00\",\"dateModified\":\"2023-06-29T07:27:48+00:00\",\"mainEntityOfPage\":{\"@id\":\"https:\/\/www.mindfulnessaccion.com\/es\/2018\/08\/15\/sesiones-mindfulness-en-la-empresa-de-mango\/\"},\"wordCount\":436,\"commentCount\":0,\"publisher\":{\"@id\":\"https:\/\/www.mindfulnessaccion.com\/es\/#organization\"},\"image\":{\"@id\":\"https:\/\/www.mindfulnessaccion.com\/es\/2018\/08\/15\/sesiones-mindfulness-en-la-empresa-de-mango\/#primaryimage\"},\"thumbnailUrl\":\"https:\/\/www.mindfulnessaccion.com\/wp-content\/uploads\/2018\/08\/5.jpg\",\"articleSection\":[\"Mindfulness y meditaci\u00f3n\"],\"inLanguage\":\"es\"},{\"@type\":\"WebPage\",\"@id\":\"https:\/\/www.mindfulnessaccion.com\/es\/2018\/08\/15\/sesiones-mindfulness-en-la-empresa-de-mango\/\",\"url\":\"https:\/\/www.mindfulnessaccion.com\/es\/2018\/08\/15\/sesiones-mindfulness-en-la-empresa-de-mango\/\",\"name\":\"Sesiones mindfulness en la empresa de Mango - Mindfulnessaccio\",\"isPartOf\":{\"@id\":\"https:\/\/www.mindfulnessaccion.com\/es\/#website\"},\"primaryImageOfPage\":{\"@id\":\"https:\/\/www.mindfulnessaccion.com\/es\/2018\/08\/15\/sesiones-mindfulness-en-la-empresa-de-mango\/#primaryimage\"},\"image\":{\"@id\":\"https:\/\/www.mindfulnessaccion.com\/es\/2018\/08\/15\/sesiones-mindfulness-en-la-empresa-de-mango\/#primaryimage\"},\"thumbnailUrl\":\"https:\/\/www.mindfulnessaccion.com\/wp-content\/uploads\/2018\/08\/5.jpg\",\"datePublished\":\"2018-08-15T10:09:54+00:00\",\"dateModified\":\"2023-06-29T07:27:48+00:00\",\"breadcrumb\":{\"@id\":\"https:\/\/www.mindfulnessaccion.com\/es\/2018\/08\/15\/sesiones-mindfulness-en-la-empresa-de-mango\/#breadcrumb\"},\"inLanguage\":\"es\",\"potentialAction\":[{\"@type\":\"ReadAction\",\"target\":[\"https:\/\/www.mindfulnessaccion.com\/es\/2018\/08\/15\/sesiones-mindfulness-en-la-empresa-de-mango\/\"]}]},{\"@type\":\"ImageObject\",\"inLanguage\":\"es\",\"@id\":\"https:\/\/www.mindfulnessaccion.com\/es\/2018\/08\/15\/sesiones-mindfulness-en-la-empresa-de-mango\/#primaryimage\",\"url\":\"https:\/\/www.mindfulnessaccion.com\/wp-content\/uploads\/2018\/08\/5.jpg\",\"contentUrl\":\"https:\/\/www.mindfulnessaccion.com\/wp-content\/uploads\/2018\/08\/5.jpg\",\"width\":900,\"height\":675},{\"@type\":\"BreadcrumbList\",\"@id\":\"https:\/\/www.mindfulnessaccion.com\/es\/2018\/08\/15\/sesiones-mindfulness-en-la-empresa-de-mango\/#breadcrumb\",\"itemListElement\":[{\"@type\":\"ListItem\",\"position\":1,\"name\":\"Portada\",\"item\":\"https:\/\/www.mindfulnessaccion.com\/es\/\"},{\"@type\":\"ListItem\",\"position\":2,\"name\":\"Sesiones mindfulness en la empresa de Mango\"}]},{\"@type\":\"WebSite\",\"@id\":\"https:\/\/www.mindfulnessaccion.com\/es\/#website\",\"url\":\"https:\/\/www.mindfulnessaccion.com\/es\/\",\"name\":\"Mindfulnessaccio\",\"description\":\"\",\"publisher\":{\"@id\":\"https:\/\/www.mindfulnessaccion.com\/es\/#organization\"},\"potentialAction\":[{\"@type\":\"SearchAction\",\"target\":{\"@type\":\"EntryPoint\",\"urlTemplate\":\"https:\/\/www.mindfulnessaccion.com\/es\/?s={search_term_string}\"},\"query-input\":{\"@type\":\"PropertyValueSpecification\",\"valueRequired\":true,\"valueName\":\"search_term_string\"}}],\"inLanguage\":\"es\"},{\"@type\":\"Organization\",\"@id\":\"https:\/\/www.mindfulnessaccion.com\/es\/#organization\",\"name\":\"Mindfulnessaccio\",\"url\":\"https:\/\/www.mindfulnessaccion.com\/es\/\",\"logo\":{\"@type\":\"ImageObject\",\"inLanguage\":\"es\",\"@id\":\"https:\/\/www.mindfulnessaccion.com\/es\/#\/schema\/logo\/image\/\",\"url\":\"https:\/\/www.mindfulnessaccion.com\/wp-content\/uploads\/2021\/07\/logo.svg\",\"contentUrl\":\"https:\/\/www.mindfulnessaccion.com\/wp-content\/uploads\/2021\/07\/logo.svg\",\"width\":96,\"height\":28,\"caption\":\"Mindfulnessaccio\"},\"image\":{\"@id\":\"https:\/\/www.mindfulnessaccion.com\/es\/#\/schema\/logo\/image\/\"}},{\"@type\":\"Person\",\"@id\":\"https:\/\/www.mindfulnessaccion.com\/es\/#\/schema\/person\/224284a23a3f5ee3c2f663030878abae\",\"name\":\"lopezad90\",\"sameAs\":[\"https:\/\/www.mindfulnessaccion.com\"],\"url\":\"https:\/\/www.mindfulnessaccion.com\/es\/author\/lopezad90\/\"}]}<\/script>\n<!-- \/ Yoast SEO plugin. -->","yoast_head_json":{"title":"Sesiones mindfulness en la empresa de Mango - Mindfulnessaccio","robots":{"index":"index","follow":"follow","max-snippet":"max-snippet:-1","max-image-preview":"max-image-preview:large","max-video-preview":"max-video-preview:-1"},"canonical":"https:\/\/www.mindfulnessaccion.com\/es\/2018\/08\/15\/sesiones-mindfulness-en-la-empresa-de-mango\/","og_locale":"es_ES","og_type":"article","og_title":"Sesiones mindfulness en la empresa de Mango - Mindfulnessaccio","og_description":"Las sesiones de mindfulness en la empresa es una forma inteligente y pr\u00e1ctica de aportar serenidad y tranquilidad en el \u00e1mbito laboral.","og_url":"https:\/\/www.mindfulnessaccion.com\/es\/2018\/08\/15\/sesiones-mindfulness-en-la-empresa-de-mango\/","og_site_name":"Mindfulnessaccio","article_published_time":"2018-08-15T10:09:54+00:00","article_modified_time":"2023-06-29T07:27:48+00:00","og_image":[{"width":900,"height":675,"url":"https:\/\/www.mindfulnessaccion.com\/wp-content\/uploads\/2018\/08\/5.jpg","type":"image\/jpeg"}],"author":"lopezad90","twitter_card":"summary_large_image","twitter_misc":{"Escrito por":"lopezad90","Tiempo de lectura":"2 minutos"},"schema":{"@context":"https:\/\/schema.org","@graph":[{"@type":"Article","@id":"https:\/\/www.mindfulnessaccion.com\/es\/2018\/08\/15\/sesiones-mindfulness-en-la-empresa-de-mango\/#article","isPartOf":{"@id":"https:\/\/www.mindfulnessaccion.com\/es\/2018\/08\/15\/sesiones-mindfulness-en-la-empresa-de-mango\/"},"author":{"name":"lopezad90","@id":"https:\/\/www.mindfulnessaccion.com\/es\/#\/schema\/person\/224284a23a3f5ee3c2f663030878abae"},"headline":"Sesiones mindfulness en la empresa de Mango","datePublished":"2018-08-15T10:09:54+00:00","dateModified":"2023-06-29T07:27:48+00:00","mainEntityOfPage":{"@id":"https:\/\/www.mindfulnessaccion.com\/es\/2018\/08\/15\/sesiones-mindfulness-en-la-empresa-de-mango\/"},"wordCount":436,"commentCount":0,"publisher":{"@id":"https:\/\/www.mindfulnessaccion.com\/es\/#organization"},"image":{"@id":"https:\/\/www.mindfulnessaccion.com\/es\/2018\/08\/15\/sesiones-mindfulness-en-la-empresa-de-mango\/#primaryimage"},"thumbnailUrl":"https:\/\/www.mindfulnessaccion.com\/wp-content\/uploads\/2018\/08\/5.jpg","articleSection":["Mindfulness y meditaci\u00f3n"],"inLanguage":"es"},{"@type":"WebPage","@id":"https:\/\/www.mindfulnessaccion.com\/es\/2018\/08\/15\/sesiones-mindfulness-en-la-empresa-de-mango\/","url":"https:\/\/www.mindfulnessaccion.com\/es\/2018\/08\/15\/sesiones-mindfulness-en-la-empresa-de-mango\/","name":"Sesiones mindfulness en la empresa de Mango - Mindfulnessaccio","isPartOf":{"@id":"https:\/\/www.mindfulnessaccion.com\/es\/#website"},"primaryImageOfPage":{"@id":"https:\/\/www.mindfulnessaccion.com\/es\/2018\/08\/15\/sesiones-mindfulness-en-la-empresa-de-mango\/#primaryimage"},"image":{"@id":"https:\/\/www.mindfulnessaccion.com\/es\/2018\/08\/15\/sesiones-mindfulness-en-la-empresa-de-mango\/#primaryimage"},"thumbnailUrl":"https:\/\/www.mindfulnessaccion.com\/wp-content\/uploads\/2018\/08\/5.jpg","datePublished":"2018-08-15T10:09:54+00:00","dateModified":"2023-06-29T07:27:48+00:00","breadcrumb":{"@id":"https:\/\/www.mindfulnessaccion.com\/es\/2018\/08\/15\/sesiones-mindfulness-en-la-empresa-de-mango\/#breadcrumb"},"inLanguage":"es","potentialAction":[{"@type":"ReadAction","target":["https:\/\/www.mindfulnessaccion.com\/es\/2018\/08\/15\/sesiones-mindfulness-en-la-empresa-de-mango\/"]}]},{"@type":"ImageObject","inLanguage":"es","@id":"https:\/\/www.mindfulnessaccion.com\/es\/2018\/08\/15\/sesiones-mindfulness-en-la-empresa-de-mango\/#primaryimage","url":"https:\/\/www.mindfulnessaccion.com\/wp-content\/uploads\/2018\/08\/5.jpg","contentUrl":"https:\/\/www.mindfulnessaccion.com\/wp-content\/uploads\/2018\/08\/5.jpg","width":900,"height":675},{"@type":"BreadcrumbList","@id":"https:\/\/www.mindfulnessaccion.com\/es\/2018\/08\/15\/sesiones-mindfulness-en-la-empresa-de-mango\/#breadcrumb","itemListElement":[{"@type":"ListItem","position":1,"name":"Portada","item":"https:\/\/www.mindfulnessaccion.com\/es\/"},{"@type":"ListItem","position":2,"name":"Sesiones mindfulness en la empresa de Mango"}]},{"@type":"WebSite","@id":"https:\/\/www.mindfulnessaccion.com\/es\/#website","url":"https:\/\/www.mindfulnessaccion.com\/es\/","name":"Mindfulnessaccio","description":"","publisher":{"@id":"https:\/\/www.mindfulnessaccion.com\/es\/#organization"},"potentialAction":[{"@type":"SearchAction","target":{"@type":"EntryPoint","urlTemplate":"https:\/\/www.mindfulnessaccion.com\/es\/?s={search_term_string}"},"query-input":{"@type":"PropertyValueSpecification","valueRequired":true,"valueName":"search_term_string"}}],"inLanguage":"es"},{"@type":"Organization","@id":"https:\/\/www.mindfulnessaccion.com\/es\/#organization","name":"Mindfulnessaccio","url":"https:\/\/www.mindfulnessaccion.com\/es\/","logo":{"@type":"ImageObject","inLanguage":"es","@id":"https:\/\/www.mindfulnessaccion.com\/es\/#\/schema\/logo\/image\/","url":"https:\/\/www.mindfulnessaccion.com\/wp-content\/uploads\/2021\/07\/logo.svg","contentUrl":"https:\/\/www.mindfulnessaccion.com\/wp-content\/uploads\/2021\/07\/logo.svg","width":96,"height":28,"caption":"Mindfulnessaccio"},"image":{"@id":"https:\/\/www.mindfulnessaccion.com\/es\/#\/schema\/logo\/image\/"}},{"@type":"Person","@id":"https:\/\/www.mindfulnessaccion.com\/es\/#\/schema\/person\/224284a23a3f5ee3c2f663030878abae","name":"lopezad90","sameAs":["https:\/\/www.mindfulnessaccion.com"],"url":"https:\/\/www.mindfulnessaccion.com\/es\/author\/lopezad90\/"}]}},"_links":{"self":[{"href":"https:\/\/www.mindfulnessaccion.com\/es\/wp-json\/wp\/v2\/posts\/990813","targetHints":{"allow":["GET"]}}],"collection":[{"href":"https:\/\/www.mindfulnessaccion.com\/es\/wp-json\/wp\/v2\/posts"}],"about":[{"href":"https:\/\/www.mindfulnessaccion.com\/es\/wp-json\/wp\/v2\/types\/post"}],"author":[{"embeddable":true,"href":"https:\/\/www.mindfulnessaccion.com\/es\/wp-json\/wp\/v2\/users\/1"}],"replies":[{"embeddable":true,"href":"https:\/\/www.mindfulnessaccion.com\/es\/wp-json\/wp\/v2\/comments?post=990813"}],"version-history":[{"count":1,"href":"https:\/\/www.mindfulnessaccion.com\/es\/wp-json\/wp\/v2\/posts\/990813\/revisions"}],"predecessor-version":[{"id":991976,"href":"https:\/\/www.mindfulnessaccion.com\/es\/wp-json\/wp\/v2\/posts\/990813\/revisions\/991976"}],"wp:featuredmedia":[{"embeddable":true,"href":"https:\/\/www.mindfulnessaccion.com\/es\/wp-json\/wp\/v2\/media\/991974"}],"wp:attachment":[{"href":"https:\/\/www.mindfulnessaccion.com\/es\/wp-json\/wp\/v2\/media?parent=990813"}],"wp:term":[{"taxonomy":"category","embeddable":true,"href":"https:\/\/www.mindfulnessaccion.com\/es\/wp-json\/wp\/v2\/categories?post=990813"},{"taxonomy":"post_tag","embeddable":true,"href":"https:\/\/www.mindfulnessaccion.com\/es\/wp-json\/wp\/v2\/tags?post=990813"}],"curies":[{"name":"wp","href":"https:\/\/api.w.org\/{rel}","templated":true}]}}